{"id":12386,"date":"2017-03-02T16:05:02","date_gmt":"2017-03-02T21:05:02","guid":{"rendered":"http:\/\/www.biblia.work\/noticias\/conmishijosnotemetas-miles-marcharan-contra-ideologia-de-genero-el-4-de-marzo-en-peru\/"},"modified":"2017-03-02T16:05:02","modified_gmt":"2017-03-02T21:05:02","slug":"conmishijosnotemetas-miles-marcharan-contra-ideologia-de-genero-el-4-de-marzo-en-peru","status":"publish","type":"post","link":"https:\/\/www.biblia.work\/noticias\/conmishijosnotemetas-miles-marcharan-contra-ideologia-de-genero-el-4-de-marzo-en-peru\/","title":{"rendered":"#ConMisHijosNoTeMetas Miles marchar\u00e1n contra ideolog\u00eda de g\u00e9nero el 4 de marzo en Per\u00fa"},"content":{"rendered":"<p> LIMA, 02 Mar. 17 (ACI).-<br \/>\n\tBajo el lema &ldquo;Con mis hijos no te metas&rdquo;, miles de personas marchar&aacute;n este s&aacute;bado 4 de marzo en Lima y otras ciudades del Per&uacute; para expresar su oposici&oacute;n a la introducci&oacute;n de la ideolog&iacute;a de g&eacute;nero en el curr&iacute;culo escolar, impulsado por el gobierno de Pedro Pablo Kuczynski.<\/p>\n<p style=\"text-align: justify\">\n\tA trav&eacute;s de sus redes sociales y con el hashtag #ConMisHijosNoTeMetas, los organizadores afirmaron que la marcha se realizar&aacute; a nivel nacional, incluyendo ciudades importantes como Arequipa, Trujillo, Piura, Cusco, entre otras.<\/p>\n<p style=\"text-align: justify\">\n\tEn el caso de Lima los manifestantes se congregar&aacute;n en la Plaza de Acho, Parque del Trabajo, Coliseo Amauta y el Parque Mariscal Castilla; para luego marchar hasta la Plaza San Mart&iacute;n en el centro de la ciudad y a pocas cuadras del Palacio de Gobierno y del Congreso de la Rep&uacute;blica.<\/p>\n<p style=\"text-align: justify\">\n<p style=\"text-align: justify\">\n\tA fines de noviembre de 2016 tres congresistas y miles de padres de familia exigieron al entonces Ministro de Educaci&oacute;n, Jaime Saavedra, que retire la ideolog&iacute;a de g&eacute;nero introducida en el Curr&iacute;culo Nacional 2017, por ir contra los derechos de los ni&ntilde;os y sus familias. Sin embargo, esto fue ignorado por el funcionario del gobierno de Pedro Pablo Kuczynski.<\/p>\n<p style=\"text-align: justify\">\n\tD&iacute;as despu&eacute;s, el 29 de noviembre, l&iacute;deres cristianos y pol&iacute;ticos lanzaron la campa&ntilde;a #ConMisHijosNoTeMetas, para rechazar la ideolog&iacute;a de g&eacute;nero en las escuelas.<\/p>\n<p style=\"text-align: justify\">\n\t\t#ConMisHijosNoTeMetas #4M pic.twitter.com\/KcAWOqSwqV<\/p>\n<p>\t&mdash; Conmishijosnotemetas (@conmishijosperu) 2 de marzo de 2017<\/p>\n<p style=\"text-align: justify\">\n\tSaavedra, que se manten&iacute;a en el cargo desde el gobierno de Ollanta Humala, fue censurado el 15 de diciembre por la mayor&iacute;a opositora en el Congreso, por una compra de 20.000 computadoras que al final deriv&oacute; en un caso de corrupci&oacute;n, y por la demora en las obras para los Juegos Panamericanos Lima 2019.<\/p>\n<p style=\"text-align: justify\">\n\tEl 18 de diciembre de 2016 jurament&oacute; la nueva ministra de Educaci&oacute;n, Maril&uacute; Martens, quien a&uacute;n mantiene el mismo Curr&iacute;culo Escolar para el 2017.<\/p>\n<p style=\"text-align: justify\">\n\tTres d&iacute;as antes miles de personas marcharon a la sede del ministerio en Lima para rechazar la ideolog&iacute;a de g&eacute;nero en las escuelas. Manifestaciones similares sucedieron tambi&eacute;n en Arequipa, Cusco, Chimbote, Trujillo y otras ciudades.<\/p>\n<p style=\"text-align: justify\">\n\tEl 23 de enero de 2017 la Conferencia Episcopal Peruana (CEP), pidi&oacute; al gobierno que retire del curr&iacute;culo nacional escolar &ldquo;aquellas nociones provenientes de la ideolog&iacute;a de g&eacute;nero&rdquo;, por el bien de los menores y familias.<\/p>\n<p style=\"text-align: justify\">\n\t&ldquo;Nos llama la atenci&oacute;n que el Ministerio de Educaci&oacute;n haya incluido en este instrumento normativo de rango inferior nociones que no provienen de la Constituci&oacute;n sino tomadas de la denominada ideolog&iacute;a de g&eacute;nero&rdquo;, advirtieron.<\/p>\n<p style=\"text-align: justify\">\n\tPosteriormente, el 17 de febrero miles de personas convocadas por el colectivo #ConMisHijosNoTeMetas marcharon hasta el Congreso de la Rep&uacute;blica junto con algunos parlamentarios.<\/p>\n<p style=\"text-align: justify\">\n\tUna delegaci&oacute;n ingres&oacute; al Parlamento y present&oacute; m&aacute;s de un mill&oacute;n y medio de firmas que exigen derogar el decreto legislativo 1323 &ndash;con rango de ley&ndash;, publicado por el gobierno peruano el 6 de enero y que ha sido calificado de &ldquo;ley mordaza&rdquo;.<\/p>\n<p style=\"text-align: justify\">\n\tEste decreto modifica el C&oacute;digo Penal y establece una &ldquo;pena privativa de libertad no menor de dos ni mayor de tres a&ntilde;os&rdquo; o &ldquo;prestaci&oacute;n de servicios a la comunidad&rdquo; por 60 a 120 jornadas, a quienes comentan los delitos de &ldquo;intolerancia o discriminaci&oacute;n&rdquo; por motivos de &ldquo;orientaci&oacute;n sexual&rdquo; e &ldquo;identidad de g&eacute;nero&rdquo;.<\/p>\n<p style=\"text-align: justify\">\n\tLas firmas tambi&eacute;n piden el retiro de &ldquo;la ideolog&iacute;a de g&eacute;nero&rdquo; en el curr&iacute;culo escolar.<\/p>\n<p style=\"text-align: justify\">\n\tTambi&eacute;n te puede interesar:<\/p>\n<p style=\"text-align: justify\">\n\t\tPer&uacute;: Advierten peligros de &ldquo;inconstitucional&rdquo; decreto pro gay del gobierno https:\/\/t.co\/rCVesB9EO8<\/p>\n<p>\t&mdash; ACI Prensa (@aciprensa) 10 de enero de 2017<\/p>\n","protected":false},"excerpt":{"rendered":"<p>LIMA, 02 Mar. 17 (ACI).- Bajo el lema &ldquo;Con mis hijos no te metas&rdquo;, miles de personas marchar&aacute;n este s&aacute;bado 4 de marzo en Lima y otras ciudades del Per&uacute; para expresar su oposici&oacute;n a la introducci&oacute;n de la ideolog&iacute;a de g&eacute;nero en el curr&iacute;culo escolar, impulsado por el gobierno de Pedro Pablo Kuczynski. A &hellip; <a href=\"https:\/\/www.biblia.work\/noticias\/conmishijosnotemetas-miles-marcharan-contra-ideologia-de-genero-el-4-de-marzo-en-peru\/\" class=\"more-link\">Continuar leyendo<span class=\"screen-reader-text\"> \u00ab#ConMisHijosNoTeMetas Miles marchar\u00e1n contra ideolog\u00eda de g\u00e9nero el 4 de marzo en Per\u00fa\u00bb<\/span><\/a><\/p>\n","protected":false},"author":1,"featured_media":0,"comment_status":"open","ping_status":"closed","sticky":false,"template":"","format":"standard","meta":{"footnotes":""},"categories":[1],"tags":[],"class_list":["post-12386","post","type-post","status-publish","format-standard","hentry","category-general"],"_links":{"self":[{"href":"https:\/\/www.biblia.work\/noticias\/wp-json\/wp\/v2\/posts\/12386","targetHints":{"allow":["GET"]}}],"collection":[{"href":"https:\/\/www.biblia.work\/noticias\/wp-json\/wp\/v2\/posts"}],"about":[{"href":"https:\/\/www.biblia.work\/noticias\/wp-json\/wp\/v2\/types\/post"}],"author":[{"embeddable":true,"href":"https:\/\/www.biblia.work\/noticias\/wp-json\/wp\/v2\/users\/1"}],"replies":[{"embeddable":true,"href":"https:\/\/www.biblia.work\/noticias\/wp-json\/wp\/v2\/comments?post=12386"}],"version-history":[{"count":0,"href":"https:\/\/www.biblia.work\/noticias\/wp-json\/wp\/v2\/posts\/12386\/revisions"}],"wp:attachment":[{"href":"https:\/\/www.biblia.work\/noticias\/wp-json\/wp\/v2\/media?parent=12386"}],"wp:term":[{"taxonomy":"category","embeddable":true,"href":"https:\/\/www.biblia.work\/noticias\/wp-json\/wp\/v2\/categories?post=12386"},{"taxonomy":"post_tag","embeddable":true,"href":"https:\/\/www.biblia.work\/noticias\/wp-json\/wp\/v2\/tags?post=12386"}],"curies":[{"name":"wp","href":"https:\/\/api.w.org\/{rel}","templated":true}]}}