{"id":12395,"date":"2017-03-02T21:05:02","date_gmt":"2017-03-03T02:05:02","guid":{"rendered":"http:\/\/www.biblia.work\/noticias\/espana-primera-reunion-de-la-mesa-eclesial-para-el-dialogo-educativo\/"},"modified":"2017-03-02T21:05:02","modified_gmt":"2017-03-03T02:05:02","slug":"espana-primera-reunion-de-la-mesa-eclesial-para-el-dialogo-educativo","status":"publish","type":"post","link":"https:\/\/www.biblia.work\/noticias\/espana-primera-reunion-de-la-mesa-eclesial-para-el-dialogo-educativo\/","title":{"rendered":"Espa\u00f1a: Primera reuni\u00f3n de la mesa eclesial para el di\u00e1logo educativo"},"content":{"rendered":"<p> MADRID, 02 Mar. 17 (ACI).-<br \/>\n\tLos miembros de la llamada Mesa eclesial para el di&aacute;logo educativo sostuvieron su primera reuni&oacute;n este jueves 2 de marzo en Madrid, con el fin de tratar los principales puntos en vistas a la pr&oacute;xima reforma de la educaci&oacute;n que emprender&aacute; el gobierno espa&ntilde;ol.<\/p>\n<p style=\"text-align: justify\">\n\tLa Mesa eclesial para el di&aacute;logo educativo se cre&oacute; para reunir los aportes de la Iglesia en vistas a la reforma educativa, en la que se han reunido con un &ldquo;talante y estilo positivo&rdquo;, seg&uacute;n indic&oacute; el vocero de la Conferencia Episcopal Espa&ntilde;ola (CEE), P. Jos&eacute; Mar&iacute;a Gil Tamayo.<\/p>\n<p style=\"text-align: justify\">\n\t&ldquo;Creemos que podemos aportar y vamos con ese esp&iacute;ritu de arrimar el hombro. Nos traemos entre manos algo muy importante como es la educaci&oacute;n de nuestros ni&ntilde;os y j&oacute;venes&rdquo;, dijo el sacerdote.<\/p>\n<p style=\"text-align: justify\">\n\tUno de los aportes que se quiere dar en este debate es que en las escuelas se d&eacute; estabilidad a la ense&ntilde;anza del curso de Religi&oacute;n, y se proporcione seguridad a los padres, educadores y alumnos para evitar la politizaci&oacute;n de la libertad de la educaci&oacute;n.<\/p>\n<p style=\"text-align: justify\">\n\tSeg&uacute;n un comunicado emitido por la CEE, los participantes de la Mesa propusieron que el pacto educativo se asiente en los principios contenidos en el art&iacute;culo 27 de la Constituci&oacute;n Espa&ntilde;ola, basada en la Declaraci&oacute;n Universal de Derechos del Hombre de la ONU.<\/p>\n<p style=\"text-align: justify\">\n\tEl art&iacute;culo 27 establece que &ldquo;los poderes p&uacute;blicos garantizan el derecho que asiste a los padres para que sus hijos reciban la formaci&oacute;n religiosa y moral que est&eacute; de acuerdo con sus propias convicciones&rdquo;.<\/p>\n<p style=\"text-align: justify\">\n\tLos miembros de la Mesa de di&aacute;logo resaltaron la importancia de las escuelas cat&oacute;licas en Espa&ntilde;a y el esfuerzo que realizan para mantener una educaci&oacute;n de calidad.<\/p>\n<p style=\"text-align: justify\">\n\tTambi&eacute;n recordaron la importancia de que los padres eduquen a sus hijos seg&uacute;n sus convicciones, tal y como est&aacute; se&ntilde;alado en la Constituci&oacute;n nacional.<\/p>\n<p style=\"text-align: justify\">\n\tA esta reuni&oacute;n asistieron, el Cardenal Ricardo Bl&aacute;zquez, Presidente de la CEE; el Presidente de la Comisi&oacute;n Episcopal de Ense&ntilde;anza y Catequesis de la CEE, Mons. C&eacute;sar Franco; y el Secretario General y portavoz de la CEE, P. Jos&eacute; Mar&iacute;a Gil Tamayo.<\/p>\n<p style=\"text-align: justify\">\n\tTambi&eacute;n asistieron Mariano Calabuig, Presidente del Foro de la Familia; Bego&ntilde;a Ladr&oacute;n de Guevara, Presidenta de la Confederaci&oacute;n de Asociaciones de Padres (COFAPA); Alfonso Aguil&oacute;, Presidente de la Confederaci&oacute;n Espa&ntilde;ola de Centros de Ense&ntilde;anza (CECE); y Jos&eacute; M&ordf; Alvira, Secretario General de Escuelas Cat&oacute;licas (FERE), entre otros.<\/p>\n<p style=\"text-align: justify\">\n\tTambi&eacute;n te puede interesar: &nbsp;<\/p>\n<p style=\"text-align: justify\">\n\t\tVIDEO: Juez proh&iacute;be circular a autob&uacute;s que denuncia ideolog&iacute;a de g&eacute;nero en Espa&ntilde;a https:\/\/t.co\/hqlXMxA7e2<\/p>\n<p>\t&mdash; ACI Prensa (@aciprensa) 2 de marzo de 2017<\/p>\n","protected":false},"excerpt":{"rendered":"<p>MADRID, 02 Mar. 17 (ACI).- Los miembros de la llamada Mesa eclesial para el di&aacute;logo educativo sostuvieron su primera reuni&oacute;n este jueves 2 de marzo en Madrid, con el fin de tratar los principales puntos en vistas a la pr&oacute;xima reforma de la educaci&oacute;n que emprender&aacute; el gobierno espa&ntilde;ol. La Mesa eclesial para el di&aacute;logo &hellip; <a href=\"https:\/\/www.biblia.work\/noticias\/espana-primera-reunion-de-la-mesa-eclesial-para-el-dialogo-educativo\/\" class=\"more-link\">Continuar leyendo<span class=\"screen-reader-text\"> \u00abEspa\u00f1a: Primera reuni\u00f3n de la mesa eclesial para el di\u00e1logo educativo\u00bb<\/span><\/a><\/p>\n","protected":false},"author":1,"featured_media":0,"comment_status":"open","ping_status":"closed","sticky":false,"template":"","format":"standard","meta":{"footnotes":""},"categories":[1],"tags":[],"class_list":["post-12395","post","type-post","status-publish","format-standard","hentry","category-general"],"_links":{"self":[{"href":"https:\/\/www.biblia.work\/noticias\/wp-json\/wp\/v2\/posts\/12395","targetHints":{"allow":["GET"]}}],"collection":[{"href":"https:\/\/www.biblia.work\/noticias\/wp-json\/wp\/v2\/posts"}],"about":[{"href":"https:\/\/www.biblia.work\/noticias\/wp-json\/wp\/v2\/types\/post"}],"author":[{"embeddable":true,"href":"https:\/\/www.biblia.work\/noticias\/wp-json\/wp\/v2\/users\/1"}],"replies":[{"embeddable":true,"href":"https:\/\/www.biblia.work\/noticias\/wp-json\/wp\/v2\/comments?post=12395"}],"version-history":[{"count":0,"href":"https:\/\/www.biblia.work\/noticias\/wp-json\/wp\/v2\/posts\/12395\/revisions"}],"wp:attachment":[{"href":"https:\/\/www.biblia.work\/noticias\/wp-json\/wp\/v2\/media?parent=12395"}],"wp:term":[{"taxonomy":"category","embeddable":true,"href":"https:\/\/www.biblia.work\/noticias\/wp-json\/wp\/v2\/categories?post=12395"},{"taxonomy":"post_tag","embeddable":true,"href":"https:\/\/www.biblia.work\/noticias\/wp-json\/wp\/v2\/tags?post=12395"}],"curies":[{"name":"wp","href":"https:\/\/api.w.org\/{rel}","templated":true}]}}