{"id":12414,"date":"2017-03-03T12:15:02","date_gmt":"2017-03-03T17:15:02","guid":{"rendered":"http:\/\/www.biblia.work\/noticias\/celebraciones-presididas-por-el-papa-francisco-en-marzo-y-abril-de-2017\/"},"modified":"2017-03-03T12:15:02","modified_gmt":"2017-03-03T17:15:02","slug":"celebraciones-presididas-por-el-papa-francisco-en-marzo-y-abril-de-2017","status":"publish","type":"post","link":"https:\/\/www.biblia.work\/noticias\/celebraciones-presididas-por-el-papa-francisco-en-marzo-y-abril-de-2017\/","title":{"rendered":"Celebraciones presididas por el papa Francisco en marzo y abril de 2017"},"content":{"rendered":"<p style=\"text-align: justify\"><strong>MARZO<\/strong><\/p>\n<p style=\"text-align: justify\">-Viernes, 17: En la bas\u00edlica de San Pedro, a las 17.00, liturgia penitencial<\/p>\n<p style=\"text-align: justify\">-S\u00e1bado, 25: Solemnidad de la Anunciaci\u00f3n del Se\u00f1or. Visita pastoral a Mil\u00e1n<\/p>\n<p style=\"text-align: justify\"><strong>ABRIL<\/strong><\/p>\n<p style=\"text-align: justify\">-Domingo, 2: Visita pastoral a Carpi<\/p>\n<p style=\"text-align: justify\">-Domingo 9: Domingo de Ramos y de la Pasi\u00f3n del Se\u00f1or. En la Plaza de San Pedro a las 10.00, Conmemoraci\u00f3n de la entrada del Se\u00f1or en Jerusal\u00e9n y Santa Misa.<\/p>\n<p style=\"text-align: justify\">-Jueves, 13: Jueves Santo. En la bas\u00edlica de San Pedro, a las 9,30, Santa Misa del Crisma.<\/p>\n<p style=\"text-align: justify\">-Viernes, 14: Viernes Santo. En la bas\u00edlica de San Pedro a las 17.00. Celebraci\u00f3n de la Pasi\u00f3n del Se\u00f1or. En el Coliseo a las 21,15, Via Crucis.<\/p>\n<p style=\"text-align: justify\">-S\u00e1bado, 15: S\u00e1bado Santo. En la bas\u00edlica de San Pedro, a las 20.30, Vigilia pascual en la Noche Santa.<\/p>\n<p style=\"text-align: justify\">-Domingo, 16: Domingo de Pascua. En la Plaza de San Pedro a las 10.00, Santa Misa del d\u00eda y a las 12.00 desde el balc\u00f3n central de la bas\u00edlica vaticana Bendici\u00f3n \u201cUrbi et Orbi\u201d.<\/p>\n<p style=\"text-align: justify\">&nbsp;<\/p>\n<p><span class=\"et_bloom_bottom_trigger\"><\/span><\/p>\n<p><a href=\"https:\/\/es.zenit.org\/\" target=\"_blank\" rel=\"nofollow\">Fuente: es.zenit.org<\/a><\/p>\n","protected":false},"excerpt":{"rendered":"<p>MARZO -Viernes, 17: En la bas\u00edlica de San Pedro, a las 17.00, liturgia penitencial -S\u00e1bado, 25: Solemnidad de la Anunciaci\u00f3n del Se\u00f1or. Visita pastoral a Mil\u00e1n ABRIL -Domingo, 2: Visita pastoral a Carpi -Domingo 9: Domingo de Ramos y de la Pasi\u00f3n del Se\u00f1or. En la Plaza de San Pedro a las 10.00, Conmemoraci\u00f3n de &hellip; <a href=\"https:\/\/www.biblia.work\/noticias\/celebraciones-presididas-por-el-papa-francisco-en-marzo-y-abril-de-2017\/\" class=\"more-link\">Continuar leyendo<span class=\"screen-reader-text\"> \u00abCelebraciones presididas por el papa Francisco en marzo y abril de 2017\u00bb<\/span><\/a><\/p>\n","protected":false},"author":1,"featured_media":0,"comment_status":"open","ping_status":"closed","sticky":false,"template":"","format":"standard","meta":{"footnotes":""},"categories":[1],"tags":[],"class_list":["post-12414","post","type-post","status-publish","format-standard","hentry","category-general"],"_links":{"self":[{"href":"https:\/\/www.biblia.work\/noticias\/wp-json\/wp\/v2\/posts\/12414","targetHints":{"allow":["GET"]}}],"collection":[{"href":"https:\/\/www.biblia.work\/noticias\/wp-json\/wp\/v2\/posts"}],"about":[{"href":"https:\/\/www.biblia.work\/noticias\/wp-json\/wp\/v2\/types\/post"}],"author":[{"embeddable":true,"href":"https:\/\/www.biblia.work\/noticias\/wp-json\/wp\/v2\/users\/1"}],"replies":[{"embeddable":true,"href":"https:\/\/www.biblia.work\/noticias\/wp-json\/wp\/v2\/comments?post=12414"}],"version-history":[{"count":0,"href":"https:\/\/www.biblia.work\/noticias\/wp-json\/wp\/v2\/posts\/12414\/revisions"}],"wp:attachment":[{"href":"https:\/\/www.biblia.work\/noticias\/wp-json\/wp\/v2\/media?parent=12414"}],"wp:term":[{"taxonomy":"category","embeddable":true,"href":"https:\/\/www.biblia.work\/noticias\/wp-json\/wp\/v2\/categories?post=12414"},{"taxonomy":"post_tag","embeddable":true,"href":"https:\/\/www.biblia.work\/noticias\/wp-json\/wp\/v2\/tags?post=12414"}],"curies":[{"name":"wp","href":"https:\/\/api.w.org\/{rel}","templated":true}]}}