{"id":12418,"date":"2017-03-03T13:15:02","date_gmt":"2017-03-03T18:15:02","guid":{"rendered":"http:\/\/www.biblia.work\/noticias\/francisco-recibira-en-el-vaticano-a-los-jefes-de-estados-de-la-union-europea\/"},"modified":"2017-03-03T13:15:02","modified_gmt":"2017-03-03T18:15:02","slug":"francisco-recibira-en-el-vaticano-a-los-jefes-de-estados-de-la-union-europea","status":"publish","type":"post","link":"https:\/\/www.biblia.work\/noticias\/francisco-recibira-en-el-vaticano-a-los-jefes-de-estados-de-la-union-europea\/","title":{"rendered":"Francisco recibir\u00e1 en el Vaticano a los jefes de Estados de la Uni\u00f3n Europea"},"content":{"rendered":"<p style=\"text-align: justify\">(ZENIT- Ciudad del Vaticano).- El papa Francisco recibir\u00e1 el pr\u00f3ximo 24 de marzo en audiencia en el Vaticano, a los Jefes de Estado y de Gobierno de la Uni\u00f3n Europea, llegados a Italia para conmemorar el 60\u00ba aniversario del Tratado de Roma.<\/p>\n<p style=\"text-align: justify\">Lo inform\u00f3 hoy el director de la Oficina de Prensa de la Santa Sede, Greg Burke, precisando que la audiencia se realizar\u00e1 en la Sala Regia del Palacio Apost\u00f3lico.<\/p>\n<p style=\"text-align: justify\">El primer tratados de Roma, firmado el 25 de marzo de 1957, por Alemania Federal, B\u00e9lgica, Francia, Italia, Luxemburgo, y los Pa\u00edses Bajos, fue el que dio origen a la Uni\u00f3n Europea.<\/p>\n<p style=\"text-align: justify\">En 1958 se cre\u00f3 la Comunidad Econ\u00f3mica Europea (CEE), que en un principio establec\u00eda una cooperaci\u00f3n econ\u00f3mica cada vez m\u00e1s estrecha entre dichos pa\u00edses. Posteriormente, se cre\u00f3 un gran mercado \u00fanico con moneda \u00fanica, adoptada por casi todos los pa\u00edses de la UE.<\/p>\n<p style=\"text-align: justify\">La Uni\u00f3n Europea es una asociaci\u00f3n econ\u00f3mica y pol\u00edtica \u00fanica en su g\u00e9nero y compuesta por 28 pa\u00edses europeos que abarcan juntos gran parte del continente.<\/p>\n<p style=\"text-align: justify\">El Santo Padre recibi\u00f3 el 6 de mayo de 2016 en el Vaticano, el Premio Internacional Carlomagno, que reconoce la contribuci\u00f3n dada por el Pont\u00edfice a la unidad europea y como voz de la conciencia en defensa de los valores de Europa.<\/p>\n<p style=\"text-align: justify\">El Santo Padre que no es favorable a recibir este tipo de galardones hizo esta excepci\u00f3n porque, tal y como dijo en su momento, quiere entregarlo a una Europa que debe reforzar su identidad cristiana.<\/p>\n<p style=\"text-align: justify\">Forma parte del premio un pergamino el cual indica: \u201cQue el Santo Padre nos d\u00e9 el coraje y la confianza para hacer nuevamente de Europa aquel sue\u00f1o que hemos osado so\u00f1ar durante 60 a\u00f1os\u201d.<\/p>\n<p style=\"text-align: justify\">Europa occidental es un continente que ha registrado 60 a\u00f1os sin conflictos armados, un per\u00edodo de tiempo de paz nunca conocido en la historia de un continente.<\/p>\n<p><span class=\"et_bloom_bottom_trigger\"><\/span><\/p>\n<p><a href=\"https:\/\/es.zenit.org\/\" target=\"_blank\" rel=\"nofollow\">Fuente: es.zenit.org<\/a><\/p>\n","protected":false},"excerpt":{"rendered":"<p>(ZENIT- Ciudad del Vaticano).- El papa Francisco recibir\u00e1 el pr\u00f3ximo 24 de marzo en audiencia en el Vaticano, a los Jefes de Estado y de Gobierno de la Uni\u00f3n Europea, llegados a Italia para conmemorar el 60\u00ba aniversario del Tratado de Roma. Lo inform\u00f3 hoy el director de la Oficina de Prensa de la Santa &hellip; <a href=\"https:\/\/www.biblia.work\/noticias\/francisco-recibira-en-el-vaticano-a-los-jefes-de-estados-de-la-union-europea\/\" class=\"more-link\">Continuar leyendo<span class=\"screen-reader-text\"> \u00abFrancisco recibir\u00e1 en el Vaticano a los jefes de Estados de la Uni\u00f3n Europea\u00bb<\/span><\/a><\/p>\n","protected":false},"author":1,"featured_media":0,"comment_status":"open","ping_status":"closed","sticky":false,"template":"","format":"standard","meta":{"footnotes":""},"categories":[1],"tags":[],"class_list":["post-12418","post","type-post","status-publish","format-standard","hentry","category-general"],"_links":{"self":[{"href":"https:\/\/www.biblia.work\/noticias\/wp-json\/wp\/v2\/posts\/12418","targetHints":{"allow":["GET"]}}],"collection":[{"href":"https:\/\/www.biblia.work\/noticias\/wp-json\/wp\/v2\/posts"}],"about":[{"href":"https:\/\/www.biblia.work\/noticias\/wp-json\/wp\/v2\/types\/post"}],"author":[{"embeddable":true,"href":"https:\/\/www.biblia.work\/noticias\/wp-json\/wp\/v2\/users\/1"}],"replies":[{"embeddable":true,"href":"https:\/\/www.biblia.work\/noticias\/wp-json\/wp\/v2\/comments?post=12418"}],"version-history":[{"count":0,"href":"https:\/\/www.biblia.work\/noticias\/wp-json\/wp\/v2\/posts\/12418\/revisions"}],"wp:attachment":[{"href":"https:\/\/www.biblia.work\/noticias\/wp-json\/wp\/v2\/media?parent=12418"}],"wp:term":[{"taxonomy":"category","embeddable":true,"href":"https:\/\/www.biblia.work\/noticias\/wp-json\/wp\/v2\/categories?post=12418"},{"taxonomy":"post_tag","embeddable":true,"href":"https:\/\/www.biblia.work\/noticias\/wp-json\/wp\/v2\/tags?post=12418"}],"curies":[{"name":"wp","href":"https:\/\/api.w.org\/{rel}","templated":true}]}}