{"id":12423,"date":"2017-03-03T14:15:02","date_gmt":"2017-03-03T19:15:02","guid":{"rendered":"http:\/\/www.biblia.work\/noticias\/francisco-al-prelado-del-opus-dei-prioridad-a-las-periferias-profesionales-y-de-la-clase-media\/"},"modified":"2017-03-03T14:15:02","modified_gmt":"2017-03-03T19:15:02","slug":"francisco-al-prelado-del-opus-dei-prioridad-a-las-periferias-profesionales-y-de-la-clase-media","status":"publish","type":"post","link":"https:\/\/www.biblia.work\/noticias\/francisco-al-prelado-del-opus-dei-prioridad-a-las-periferias-profesionales-y-de-la-clase-media\/","title":{"rendered":"Francisco al prelado del Opus Dei: prioridad a las \u2018periferias\u2019 profesionales y de la clase media"},"content":{"rendered":"<p style=\"text-align: justify\">(ZENIT &#8211; Ciudad del Vaticano, 3 de marzo de 2017).- El santo padre Francisco ha recibido este viernes en audiencia en el Vaticano, al nuevo prelado del Opus Dei, Mons. Fernando Oc\u00e1riz, acompa\u00f1ado por el Vicario General, Mons. Mariano Fazio.<\/p>\n<p style=\"text-align: justify\">El Opus Dei, es una instituci\u00f3n perteneciente a la Iglesia cat\u00f3lica fundada en\u00a01928 por san Josemar\u00eda Escriv\u00e1, sacerdote espa\u00f1ol canonizado en 2002 por san\u00a0Juan Pablo II, pont\u00edfice que \u00a0la erigi\u00f3\u00a0como prelatura personal en 1982. Su carisma es la santificaci\u00f3n personal a trav\u00e9s del trabajo cotidiano.<\/p>\n<p style=\"text-align: justify\">Al inicio del encuentro que dur\u00f3 unos 25 minutos Francisco\u00a0los salud\u00f3 con un afectuoso abrazo. El prelado le agradeci\u00f3 al Papa la cercan\u00eda que manifest\u00f3 tras\u00a0el fallecimiento de Mons. Javier Echevarr\u00eda, sus oraciones por el Congreso Electivo, y la confirmaci\u00f3n que ha dado la cual lo confirm\u00f3 como\u00a0nuevo prelado.<\/p>\n<p style=\"text-align: justify\">A su vez, Mons. Oc\u00e1riz &#8211;se\u00f1al\u00f3 el comunicado de prensa del Opus Dei&#8211; le transmiti\u00f3 la unanimidad de uni\u00f3n de todos los fieles de la Obra con el Santo Padre, y le ilustr\u00f3 sobre las prioridades pastorales que el Congreso ha definido para los pr\u00f3ximos a\u00f1os: familia, juventud y sensibilidad activa por las personas m\u00e1s necesitadas.<\/p>\n<p style=\"text-align: justify\">El Papa Francisco agradeci\u00f3 la labor que la Prelatura realiza en todo el mundo, en especial la atenci\u00f3n espiritual a cada persona, el ecumenismo en pa\u00edses de minor\u00eda cat\u00f3lica y los proyectos sociales de integraci\u00f3n. Adem\u00e1s, anim\u00f3 a Mons. Oc\u00e1riz\u00a0a dar prioridad las &#8216;periferias&#8217; de las clases medias y del mundo profesional e intelectual.<\/p>\n<p style=\"text-align: justify\">El Santo Padre Francisco, al dar la bendici\u00f3n al Prelado y al Vicario General, la hizo extensiva a todos los fieles de la Prelatura, y pidi\u00f3 que rezaran por \u00e9l.<\/p>\n<p><span class=\"et_bloom_bottom_trigger\"><\/span><\/p>\n<p><a href=\"https:\/\/es.zenit.org\/\" target=\"_blank\" rel=\"nofollow\">Fuente: es.zenit.org<\/a><\/p>\n","protected":false},"excerpt":{"rendered":"<p>(ZENIT &#8211; Ciudad del Vaticano, 3 de marzo de 2017).- El santo padre Francisco ha recibido este viernes en audiencia en el Vaticano, al nuevo prelado del Opus Dei, Mons. Fernando Oc\u00e1riz, acompa\u00f1ado por el Vicario General, Mons. Mariano Fazio. El Opus Dei, es una instituci\u00f3n perteneciente a la Iglesia cat\u00f3lica fundada en\u00a01928 por san &hellip; <a href=\"https:\/\/www.biblia.work\/noticias\/francisco-al-prelado-del-opus-dei-prioridad-a-las-periferias-profesionales-y-de-la-clase-media\/\" class=\"more-link\">Continuar leyendo<span class=\"screen-reader-text\"> \u00abFrancisco al prelado del Opus Dei: prioridad a las \u2018periferias\u2019 profesionales y de la clase media\u00bb<\/span><\/a><\/p>\n","protected":false},"author":1,"featured_media":0,"comment_status":"open","ping_status":"closed","sticky":false,"template":"","format":"standard","meta":{"footnotes":""},"categories":[1],"tags":[],"class_list":["post-12423","post","type-post","status-publish","format-standard","hentry","category-general"],"_links":{"self":[{"href":"https:\/\/www.biblia.work\/noticias\/wp-json\/wp\/v2\/posts\/12423","targetHints":{"allow":["GET"]}}],"collection":[{"href":"https:\/\/www.biblia.work\/noticias\/wp-json\/wp\/v2\/posts"}],"about":[{"href":"https:\/\/www.biblia.work\/noticias\/wp-json\/wp\/v2\/types\/post"}],"author":[{"embeddable":true,"href":"https:\/\/www.biblia.work\/noticias\/wp-json\/wp\/v2\/users\/1"}],"replies":[{"embeddable":true,"href":"https:\/\/www.biblia.work\/noticias\/wp-json\/wp\/v2\/comments?post=12423"}],"version-history":[{"count":0,"href":"https:\/\/www.biblia.work\/noticias\/wp-json\/wp\/v2\/posts\/12423\/revisions"}],"wp:attachment":[{"href":"https:\/\/www.biblia.work\/noticias\/wp-json\/wp\/v2\/media?parent=12423"}],"wp:term":[{"taxonomy":"category","embeddable":true,"href":"https:\/\/www.biblia.work\/noticias\/wp-json\/wp\/v2\/categories?post=12423"},{"taxonomy":"post_tag","embeddable":true,"href":"https:\/\/www.biblia.work\/noticias\/wp-json\/wp\/v2\/tags?post=12423"}],"curies":[{"name":"wp","href":"https:\/\/api.w.org\/{rel}","templated":true}]}}