{"id":12426,"date":"2017-03-03T15:15:02","date_gmt":"2017-03-03T20:15:02","guid":{"rendered":"http:\/\/www.biblia.work\/noticias\/los-obispos-paraguayos-invitan-a-construir-desde-la-paz\/"},"modified":"2017-03-03T15:15:02","modified_gmt":"2017-03-03T20:15:02","slug":"los-obispos-paraguayos-invitan-a-construir-desde-la-paz","status":"publish","type":"post","link":"https:\/\/www.biblia.work\/noticias\/los-obispos-paraguayos-invitan-a-construir-desde-la-paz\/","title":{"rendered":"Los obispos paraguayos invitan a \u2018construir desde la paz\u2019"},"content":{"rendered":"<p style=\"text-align: justify\">(ZENIT- Roma).- Los obispos de Paraguay reunidos en la 214\u00b0 Asamblea plenaria ordinaria, desde el lunes 27 de febrero hasta el viernes 3 de marzo en el Seminario Metropolitano (Kubitschek c\/ Azara), invitaron ante la situaci\u00f3n del pa\u00eds y las pr\u00f3ximas elecciones presidenciales del 2018, a construir desde el consenso y la paz.<\/p>\n<p style=\"text-align: justify\">Indicaron que es necesario \u201cun consenso nacional para elaborar una \u2018agenda pa\u00eds\u2019, que fije la ruta, los objetivos y los medios del desarrollo integral\u201d. Que debe\u00a0primar &#8220;por encima de proyectos coyunturales y regirse estrictamente por nuestra Carta Magna, la Constituci\u00f3n de la Rep\u00fablica del Paraguay, para garantizar la libertad, la igualdad y la justicia\u201d.<\/p>\n<p style=\"text-align: justify\">El comunicado:<\/p>\n<p style=\"text-align: justify\">Queridos hermanos y hermanas, los Obispos del Paraguay reunidos en la 214\u00b0 Asamblea Plenaria Ordinaria expresamos:<\/p>\n<p style=\"text-align: justify\">Nuestro pa\u00eds est\u00e1 atravesando por una situaci\u00f3n pol\u00edtico-social conflictiva preocupante.\u00a0 El conflicto se agrava con el riesgo de la confrontaci\u00f3n y la fragmentaci\u00f3n de la sociedad, suscitado por el debate jur\u00eddico y pol\u00edtico en la relaci\u00f3n con interpretaciones divergentes de la Constituci\u00f3n Nacional y las pr\u00f3ximas elecciones presidenciales 2018. Exhortamos, a este respecto, a pacificar los \u00e1nimos, a la prudencia y al di\u00e1logo respetuoso en los procesos de desacuerdos y discrepancias.<\/p>\n<p style=\"text-align: justify\">Necesitamos un consenso nacional para elaborar una \u201cagenda pa\u00eds\u201d, que fije la ruta, los objetivos y los medios del desarrollo integral que anhelamos para nuestro pueblo y que podemos construir solidariamente. Este consenso exige que escuchemos el clamor de los pobres, que definamos las urgencias y las prioridades para asegurar el progreso y el bienestar de todos, para erradicar la inequidad escandalosa que lesiona la dignidad y la justicia social.<\/p>\n<p style=\"text-align: justify\">Es urgente distribuir y administrar nuestros recursos econ\u00f3micos para atender las situaciones prioritarias de salud, alimentaci\u00f3n y educaci\u00f3n, en especial del 20% m\u00e1s pobre de nuestra poblaci\u00f3n.<\/p>\n<p style=\"text-align: justify\">Debemos combatir la pobreza que afecta mayoritariamente a ni\u00f1os y mujeres, generar empleos y oportunidades, acompa\u00f1ar al campesinado y promover la agricultura familiar campesina, cuidar un desarrollo rural sostenible y ecol\u00f3gico, asegurar la equitativa distribuci\u00f3n de la tierra, respetar y promover a los ind\u00edgenas y atender las necesidades de otros sectores vulnerables.<\/p>\n<p style=\"text-align: justify\"><a target=\"_blank\" rel=\"nofollow\" href=\"http:\/\/episcopal.org.py\/news-item\/comunicado-construir-desde-el-consenso-y-la-paz\/\"><span style=\"color: #3366ff\">Leer el texto completo.<\/span><\/a><\/p>\n<p><span class=\"et_bloom_bottom_trigger\"><\/span><\/p>\n<p><a href=\"https:\/\/es.zenit.org\/\" target=\"_blank\" rel=\"nofollow\">Fuente: es.zenit.org<\/a><\/p>\n","protected":false},"excerpt":{"rendered":"<p>(ZENIT- Roma).- Los obispos de Paraguay reunidos en la 214\u00b0 Asamblea plenaria ordinaria, desde el lunes 27 de febrero hasta el viernes 3 de marzo en el Seminario Metropolitano (Kubitschek c\/ Azara), invitaron ante la situaci\u00f3n del pa\u00eds y las pr\u00f3ximas elecciones presidenciales del 2018, a construir desde el consenso y la paz. Indicaron que &hellip; <a href=\"https:\/\/www.biblia.work\/noticias\/los-obispos-paraguayos-invitan-a-construir-desde-la-paz\/\" class=\"more-link\">Continuar leyendo<span class=\"screen-reader-text\"> \u00abLos obispos paraguayos invitan a \u2018construir desde la paz\u2019\u00bb<\/span><\/a><\/p>\n","protected":false},"author":1,"featured_media":0,"comment_status":"open","ping_status":"closed","sticky":false,"template":"","format":"standard","meta":{"footnotes":""},"categories":[1],"tags":[],"class_list":["post-12426","post","type-post","status-publish","format-standard","hentry","category-general"],"_links":{"self":[{"href":"https:\/\/www.biblia.work\/noticias\/wp-json\/wp\/v2\/posts\/12426","targetHints":{"allow":["GET"]}}],"collection":[{"href":"https:\/\/www.biblia.work\/noticias\/wp-json\/wp\/v2\/posts"}],"about":[{"href":"https:\/\/www.biblia.work\/noticias\/wp-json\/wp\/v2\/types\/post"}],"author":[{"embeddable":true,"href":"https:\/\/www.biblia.work\/noticias\/wp-json\/wp\/v2\/users\/1"}],"replies":[{"embeddable":true,"href":"https:\/\/www.biblia.work\/noticias\/wp-json\/wp\/v2\/comments?post=12426"}],"version-history":[{"count":0,"href":"https:\/\/www.biblia.work\/noticias\/wp-json\/wp\/v2\/posts\/12426\/revisions"}],"wp:attachment":[{"href":"https:\/\/www.biblia.work\/noticias\/wp-json\/wp\/v2\/media?parent=12426"}],"wp:term":[{"taxonomy":"category","embeddable":true,"href":"https:\/\/www.biblia.work\/noticias\/wp-json\/wp\/v2\/categories?post=12426"},{"taxonomy":"post_tag","embeddable":true,"href":"https:\/\/www.biblia.work\/noticias\/wp-json\/wp\/v2\/tags?post=12426"}],"curies":[{"name":"wp","href":"https:\/\/api.w.org\/{rel}","templated":true}]}}