{"id":12428,"date":"2017-03-03T17:05:03","date_gmt":"2017-03-03T22:05:03","guid":{"rendered":"http:\/\/www.biblia.work\/noticias\/policia-multa-al-bus-de-la-libertad-pero-continua-campana-contra-ideologia-de-genero\/"},"modified":"2017-03-03T17:05:03","modified_gmt":"2017-03-03T22:05:03","slug":"policia-multa-al-bus-de-la-libertad-pero-continua-campana-contra-ideologia-de-genero","status":"publish","type":"post","link":"https:\/\/www.biblia.work\/noticias\/policia-multa-al-bus-de-la-libertad-pero-continua-campana-contra-ideologia-de-genero\/","title":{"rendered":"Polic\u00eda multa al \u201cbus de la libertad\u201d pero contin\u00faa campa\u00f1a contra ideolog\u00eda de g\u00e9nero"},"content":{"rendered":"<p> MADRID, 03 Mar. 17 (ACI).-<br \/>\n\tHazteOir.org (HO) contin&uacute;a con la campa&ntilde;a &ldquo;el bus de la libertad&rdquo; con un nuevo veh&iacute;culo y mensaje que circula por las calles de Madrid, a pesar de que la polic&iacute;a los ha multado por una supuesta infracci&oacute;n de la ordenanza municipal de publicidad.<\/p>\n<p style=\"text-align: justify\">\n\tHazteOir.org (HO) ha puesto en circulaci&oacute;n un segundo veh&iacute;culo, en este caso se trata de una autocaravana, en la que se puede leer, entre interrogantes, &ldquo;&iquest;Los ni&ntilde;os tienen pene? &iquest;Las ni&ntilde;as tienen vulva?&rdquo;, dentro de la campa&ntilde;a &ldquo;el bus que no miente&rdquo;.<\/p>\n<p style=\"text-align: justify\">\n\tCon este cambio y los signos de interrogaci&oacute;n respetan el auto judicial por el que el que actualmente se encuentra inmovilizado el primer autob&uacute;s en el que se pod&iacute;a leer: &ldquo;Los ni&ntilde;os tienen pene. Las ni&ntilde;as tienen vulva. Que no te enga&ntilde;en&rdquo;.<\/p>\n<p style=\"text-align: justify\">\n\tEl primer destino de esta autocaravana fue la sede del Ayuntamiento de Madrid, en donde quer&iacute;an manifestar &ldquo;la falta de libertad de expresi&oacute;n y denunciar las leyes de adoctrinamiento de ideolog&iacute;a de g&eacute;nero, actualmente presentes en diez comunidades aut&oacute;nomas&rdquo;, seg&uacute;n declar&oacute; Ignacio Arsuaga, Presidente de HazteOir.org.<\/p>\n<p style=\"text-align: justify\">\n\tEn la sede del Ayuntamiento de Madrid agentes de la polic&iacute;a denunciaron a HO por una supuesta violaci&oacute;n de la ordenanza municipal de publicidad.<\/p>\n<p style=\"text-align: justify\">\n\tArsuaga explic&oacute; que ha recibido &ldquo;hasta cuatro &oacute;rdenes distintas de los polic&iacute;as&rdquo;. &ldquo;Nos acusan de violar la ordenanza municipal de publicidad, pero HO, al ser una organizaci&oacute;n civil sin &aacute;nimo de lucro, est&aacute; exenta de esa prohibici&oacute;n&rdquo;, ya que esta es una campa&ntilde;a de sensibilizaci&oacute;n y no comercial.<\/p>\n<p style=\"text-align: justify\">\n\tEn ese sentido, el Presidente de HO ha explicado que tras la notificaci&oacute;n de la multa que han recibido, &ldquo;se abre un expediente y el funcionario que lo revise no nos impondr&aacute; una sanci&oacute;n econ&oacute;mica y si lo hace recurriremos&rdquo;.<\/p>\n<p style=\"text-align: justify\">\n\t&ldquo;Si Manuela Carmena (alcaldesa de Madrid) quiere prohibir que haya un pensamiento distinto, tendr&aacute; que cambiar la ordenanza. Pero hoy por hoy podemos circular&rdquo;, ha insistido Arsuaga.<\/p>\n<p style=\"text-align: justify\">\n\tLa polic&iacute;a, a pesar de la multa, ha permitido que la autocaravana siga recorriendo las calles de Madrid.<\/p>\n<p style=\"text-align: justify\">\n\t&ldquo;Si Carmena quiere moverse por motivos ideol&oacute;gicos y no por lo que dice la ordenanza municipal de publicidad, nosotros lo recibiremos ante los jueces, pero no tiene motivo para multarnos&rdquo;, precis&oacute; Arsuaga.<\/p>\n<p style=\"text-align: justify\">\n\tHO indic&oacute; que est&aacute; previsto que circulen hasta tres veh&iacute;culos, dos autobuses y una autocaravana, por las calles de Madrid y otras ciudades de Espa&ntilde;a.<\/p>\n<p style=\"text-align: justify\">\n\tDesde HO han lanzado un manifiesto por la libertad de expresi&oacute;n que puede encontrarse en www.libertaddeexpresion.es y al que Arsuaga ha pedido que se adhieran &ldquo;todos los ciudadanos, tanto quienes piensan como nosotros como quienes no, porque se trata de poder expresarnos libremente&rdquo;.<\/p>\n<p style=\"text-align: justify\">\n\t&ldquo;Se trata de la defensa del derecho a la libertad de expresi&oacute;n. Creemos que en Espa&ntilde;a hay democracia y que la dictadura de g&eacute;nero ha restringido algunas de las leyes, pero vamos a reivindicar las libertades de todos los ciudadanos, quienes piensan como nosotros y quienes no&rdquo;, insisti&oacute; el presidente de HO.<\/p>\n<p style=\"text-align: justify\">\n\tHO tambi&eacute;n inform&oacute; que este viernes 3 de marzo han presentado un recurso contra el fallo que proh&iacute;be la circulaci&oacute;n del bus que denuncia la ideolog&iacute;a de g&eacute;nero en Madrid.<\/p>\n<p style=\"text-align: justify\">\n\tEn un comunicado se&ntilde;alaron que &ldquo;perseguir a quien disiente de una determinada ideolog&iacute;a&rdquo;, en este caso la de g&eacute;nero, &ldquo;ser&iacute;a algo as&iacute; como perseguir a la disidencia, algo que en las sociedades democr&aacute;ticas se supone que no se puede hacer&rdquo;.<\/p>\n<p style=\"text-align: justify\">\n\tTambi&eacute;n aseguran que el delito que se le imputa de &ldquo;menosprecio por negaci&oacute;n de identidad sexual&rdquo; es &ldquo;de imposible realizaci&oacute;n, pues nadie puede negar la identidad de nadie&rdquo; y por lo tanto &ldquo;no hay lesi&oacute;n de la dignidad de las personas&rdquo;.<\/p>\n<p style=\"text-align: justify\">\n\tHO tambi&eacute;n anunci&oacute; que se ha convocado una manifestaci&oacute;n por las libertades que tendr&aacute; lugar previsiblemente el domingo d&iacute;a 12 de marzo en Madrid.<\/p>\n<p style=\"text-align: justify\">\n\tTambi&eacute;n te puede interesar:&nbsp;<\/p>\n<p style=\"text-align: justify\">\n\t\tLobby gay amenaza con quemar autob&uacute;s que denuncia la ideolog&iacute;a de g&eacute;nero https:\/\/t.co\/QobmSOxRHH<\/p>\n<p>\t&mdash; ACI Prensa (@aciprensa) 1 de marzo de 2017<\/p>\n<p style=\"text-align: justify\">\n\t&nbsp;<\/p>\n","protected":false},"excerpt":{"rendered":"<p>MADRID, 03 Mar. 17 (ACI).- HazteOir.org (HO) contin&uacute;a con la campa&ntilde;a &ldquo;el bus de la libertad&rdquo; con un nuevo veh&iacute;culo y mensaje que circula por las calles de Madrid, a pesar de que la polic&iacute;a los ha multado por una supuesta infracci&oacute;n de la ordenanza municipal de publicidad. HazteOir.org (HO) ha puesto en circulaci&oacute;n un &hellip; <a href=\"https:\/\/www.biblia.work\/noticias\/policia-multa-al-bus-de-la-libertad-pero-continua-campana-contra-ideologia-de-genero\/\" class=\"more-link\">Continuar leyendo<span class=\"screen-reader-text\"> \u00abPolic\u00eda multa al \u201cbus de la libertad\u201d pero contin\u00faa campa\u00f1a contra ideolog\u00eda de g\u00e9nero\u00bb<\/span><\/a><\/p>\n","protected":false},"author":1,"featured_media":0,"comment_status":"open","ping_status":"closed","sticky":false,"template":"","format":"standard","meta":{"footnotes":""},"categories":[1],"tags":[],"class_list":["post-12428","post","type-post","status-publish","format-standard","hentry","category-general"],"_links":{"self":[{"href":"https:\/\/www.biblia.work\/noticias\/wp-json\/wp\/v2\/posts\/12428","targetHints":{"allow":["GET"]}}],"collection":[{"href":"https:\/\/www.biblia.work\/noticias\/wp-json\/wp\/v2\/posts"}],"about":[{"href":"https:\/\/www.biblia.work\/noticias\/wp-json\/wp\/v2\/types\/post"}],"author":[{"embeddable":true,"href":"https:\/\/www.biblia.work\/noticias\/wp-json\/wp\/v2\/users\/1"}],"replies":[{"embeddable":true,"href":"https:\/\/www.biblia.work\/noticias\/wp-json\/wp\/v2\/comments?post=12428"}],"version-history":[{"count":0,"href":"https:\/\/www.biblia.work\/noticias\/wp-json\/wp\/v2\/posts\/12428\/revisions"}],"wp:attachment":[{"href":"https:\/\/www.biblia.work\/noticias\/wp-json\/wp\/v2\/media?parent=12428"}],"wp:term":[{"taxonomy":"category","embeddable":true,"href":"https:\/\/www.biblia.work\/noticias\/wp-json\/wp\/v2\/categories?post=12428"},{"taxonomy":"post_tag","embeddable":true,"href":"https:\/\/www.biblia.work\/noticias\/wp-json\/wp\/v2\/tags?post=12428"}],"curies":[{"name":"wp","href":"https:\/\/api.w.org\/{rel}","templated":true}]}}