{"id":12430,"date":"2017-03-03T18:05:03","date_gmt":"2017-03-03T23:05:03","guid":{"rendered":"http:\/\/www.biblia.work\/noticias\/peru-presentan-iniciativa-para-erradicar-ideologia-de-genero-del-sistema-juridico\/"},"modified":"2017-03-03T18:05:03","modified_gmt":"2017-03-03T23:05:03","slug":"peru-presentan-iniciativa-para-erradicar-ideologia-de-genero-del-sistema-juridico","status":"publish","type":"post","link":"https:\/\/www.biblia.work\/noticias\/peru-presentan-iniciativa-para-erradicar-ideologia-de-genero-del-sistema-juridico\/","title":{"rendered":"Per\u00fa: Presentan iniciativa para erradicar ideolog\u00eda de g\u00e9nero del sistema jur\u00eddico"},"content":{"rendered":"<p> LIMA, 03 Mar. 17 (ACI).-<br \/>\n\tEste viernes 3 de marzo el colectivo Peruanos por la Igualdad present&oacute; un proyecto de ley para lograr la erradicaci&oacute;n de la ideolog&iacute;a de g&eacute;nero del sistema jur&iacute;dico del pa&iacute;s.<\/p>\n<p style=\"text-align: justify\">\n\tEn conferencia de prensa realizada en el Hotel Mar&iacute;a Angola este mediod&iacute;a en Lima, el colectivo formado por padres de familia, representantes de la sociedad civil, y profesionales de diversas &aacute;reas propusieron una iniciativa legislativa para erradicar la ideolog&iacute;a de g&eacute;nero y sea sustituida por un &ldquo;enfoque de igualdad y complementariedad entre mujeres y varones&rdquo;.<\/p>\n<p style=\"text-align: justify\">\n\tGiuliana Calambrogio, Presidenta de la Asociaci&oacute;n Peruana de Familias Numerosas, afirm&oacute; que &ldquo;ciertas entidades estatales y diversas organizaciones privadas, que dicen luchar por la igualdad y el empoderamiento de la mujer, en la pr&aacute;ctica la desdibujan, buscan una caricatura de igualdad que anula la riqueza de las diferencias entre var&oacute;n y mujer sobre las que se asienta su reciprocidad y complementariedad&rdquo;<\/p>\n<p style=\"text-align: justify\">\n\tEn declaraciones a ACI Prensa, uno de los voceros de Peruanos por la Igualdad y Decano de la Facultad de Derecho de la Universidad San Ignacio Loyola, Mart&iacute;n Santiv&aacute;&ntilde;ez, afirm&oacute; que &ldquo;lo que nos une es la preocupaci&oacute;n de los padres de familia en el pa&iacute;s por la ni&ntilde;ez peruana&rdquo;.<\/p>\n<p style=\"text-align: justify\">\n\t&ldquo;Lo que queremos es clarificar la terminolog&iacute;a jur&iacute;dica a trav&eacute;s de la presentaci&oacute;n de una iniciativa legislativa que sustituya la ideolog&iacute;a de g&eacute;nero por un enfoque de igualdad y complementariedad de sexo&rdquo;, precis&oacute;.<\/p>\n<p style=\"text-align: justify\">\n\tTambi&eacute;n estuvo presente la diputada colombiana, &Aacute;ngela Hern&aacute;ndez, quien dijo a ACI Prensa que &ldquo;estamos en el Per&uacute; porque la ideolog&iacute;a de g&eacute;nero es una conspiraci&oacute;n que ha atacado a toda Latinoam&eacute;rica&rdquo;.<\/p>\n<p style=\"text-align: justify\">\n\tHern&aacute;ndez record&oacute; que Colombia pas&oacute; por algo similar a lo que ocurre actualmente en el Per&uacute; con el intento de adoctrinar a los ni&ntilde;os con la ideolog&iacute;a de g&eacute;nero, lo que hizo que los padres de familia salieran masivamente a las calles para protestar el 10 de agosto de 2016.<\/p>\n<p style=\"text-align: justify\">\n\t&ldquo;Hoy vemos venido a acompa&ntilde;ar al pueblo peruano, fuerte, valiente y decidido, que tambi&eacute;n est&aacute; luchando por defender la inocencia de los ni&ntilde;os y las ni&ntilde;as. Es un derecho de todos los latinoamericanos alzar la voz, unirnos en esta lucha que estamos dando por proteger a nuestras familias&rdquo;, afirm&oacute;.<\/p>\n<p style=\"text-align: justify\">\n\tLa diputada record&oacute; adem&aacute;s que con la marcha del 10 de agosto &ldquo;en Colombia logramos no solo que la Ministra de Educaci&oacute;n fuera destituida de su cargo, sino que todo el curr&iacute;culo educativo sea retirado&rdquo;.<\/p>\n<p style=\"text-align: justify\">\n\t&ldquo;Esa es la esperanza que tenemos con todo el pueblo peruano&rdquo;, concluy&oacute;.<\/p>\n<p style=\"text-align: justify\">\n\tLa iniciativa legislativa se ha presentado un d&iacute;a antes de la manifestaci&oacute;n ciudadana conocida como #ConMisHijosNoTeMetas que reunir&aacute; a miles de personas en todo el pa&iacute;s este s&aacute;bado 4 de marzo.<\/p>\n<p style=\"text-align: justify\">\n\tLa iniciativa ciudadana busca reunir firmas para que el Congreso proceda con su tr&aacute;mite en el plazo de 120 d&iacute;as.<\/p>\n<p style=\"text-align: justify\">\n\tTambi&eacute;n te puede interesar:<\/p>\n<p style=\"text-align: justify\">\n\t\t#ConMisHijosNoTeMetas Miles marchar&aacute;n contra ideolog&iacute;a de g&eacute;nero el 4 de marzo en Per&uacute; https:\/\/t.co\/kTh3kDBMzl<\/p>\n<p>\t&mdash; ACI Prensa (@aciprensa) 2 de marzo de 2017<\/p>\n","protected":false},"excerpt":{"rendered":"<p>LIMA, 03 Mar. 17 (ACI).- Este viernes 3 de marzo el colectivo Peruanos por la Igualdad present&oacute; un proyecto de ley para lograr la erradicaci&oacute;n de la ideolog&iacute;a de g&eacute;nero del sistema jur&iacute;dico del pa&iacute;s. En conferencia de prensa realizada en el Hotel Mar&iacute;a Angola este mediod&iacute;a en Lima, el colectivo formado por padres de &hellip; <a href=\"https:\/\/www.biblia.work\/noticias\/peru-presentan-iniciativa-para-erradicar-ideologia-de-genero-del-sistema-juridico\/\" class=\"more-link\">Continuar leyendo<span class=\"screen-reader-text\"> \u00abPer\u00fa: Presentan iniciativa para erradicar ideolog\u00eda de g\u00e9nero del sistema jur\u00eddico\u00bb<\/span><\/a><\/p>\n","protected":false},"author":1,"featured_media":0,"comment_status":"open","ping_status":"closed","sticky":false,"template":"","format":"standard","meta":{"footnotes":""},"categories":[1],"tags":[],"class_list":["post-12430","post","type-post","status-publish","format-standard","hentry","category-general"],"_links":{"self":[{"href":"https:\/\/www.biblia.work\/noticias\/wp-json\/wp\/v2\/posts\/12430","targetHints":{"allow":["GET"]}}],"collection":[{"href":"https:\/\/www.biblia.work\/noticias\/wp-json\/wp\/v2\/posts"}],"about":[{"href":"https:\/\/www.biblia.work\/noticias\/wp-json\/wp\/v2\/types\/post"}],"author":[{"embeddable":true,"href":"https:\/\/www.biblia.work\/noticias\/wp-json\/wp\/v2\/users\/1"}],"replies":[{"embeddable":true,"href":"https:\/\/www.biblia.work\/noticias\/wp-json\/wp\/v2\/comments?post=12430"}],"version-history":[{"count":0,"href":"https:\/\/www.biblia.work\/noticias\/wp-json\/wp\/v2\/posts\/12430\/revisions"}],"wp:attachment":[{"href":"https:\/\/www.biblia.work\/noticias\/wp-json\/wp\/v2\/media?parent=12430"}],"wp:term":[{"taxonomy":"category","embeddable":true,"href":"https:\/\/www.biblia.work\/noticias\/wp-json\/wp\/v2\/categories?post=12430"},{"taxonomy":"post_tag","embeddable":true,"href":"https:\/\/www.biblia.work\/noticias\/wp-json\/wp\/v2\/tags?post=12430"}],"curies":[{"name":"wp","href":"https:\/\/api.w.org\/{rel}","templated":true}]}}