{"id":12439,"date":"2017-03-04T07:15:03","date_gmt":"2017-03-04T12:15:03","guid":{"rendered":"http:\/\/www.biblia.work\/noticias\/francisco-al-congreso-de-musica-sacra-valorizar-la-tradicion-inculturizar-evitando-la-mediocridad\/"},"modified":"2017-03-04T07:15:03","modified_gmt":"2017-03-04T12:15:03","slug":"francisco-al-congreso-de-musica-sacra-valorizar-la-tradicion-inculturizar-evitando-la-mediocridad","status":"publish","type":"post","link":"https:\/\/www.biblia.work\/noticias\/francisco-al-congreso-de-musica-sacra-valorizar-la-tradicion-inculturizar-evitando-la-mediocridad\/","title":{"rendered":"Francisco al Congreso de m\u00fasica sacra: valorizar la tradici\u00f3n, inculturizar, evitando la mediocridad"},"content":{"rendered":"<p style=\"text-align: justify\">(ZENIT- Ciudad del Vaticano, 4 Mar. 2017).- La m\u00fasica sacra y el canto lit\u00fargico tienen una tarea: &#8220;donarnos el sentido de la gloria de Dios, su belleza, su santidad que nos envuelve como una \u201cnube luminosa\u201d.<\/p>\n<p style=\"text-align: justify\">Lo indic\u00f3 el papa Francisco este s\u00e1bado en el Vaticano, en la audiencia que concedi\u00f3 a los participantes del Congreso internacional de m\u00fasica sacra, que llev\u00f3 por t\u00edtulo: &#8216;M\u00fasica e Iglesia: culto y cultura 50 a\u00f1os despu\u00e9s del documento <em>Musicam sacram<\/em>\u201d.<\/p>\n<p style=\"text-align: justify\">El congreso fue organizado del 2 al 4 de marzo por el Consejo pontificio de la cultura, por la Congregaci\u00f3n para al educaci\u00f3n cat\u00f3lica, en colaboraci\u00f3n con el Consejo pontificio de m\u00fasica sacra, y del Instituto pontificio lit\u00fargico del Ateneo de San Anselmo.<\/p>\n<p style=\"text-align: justify\">El Santo Padre record\u00f3 que el Concilio Vaticano II advirti\u00f3 la dificultad de los fieles para participar en la liturgia, en su lenguaje y signos. As\u00ed fueron emanadas instrucciones, entre las cuales el documento <em>Musicam Sacram<\/em>.<\/p>\n<p style=\"text-align: justify\">La finalidad era la una participaci\u00f3n m\u00e1s intensa de la asamblea de los fieles, y se se\u00f1alaba que la verdadera solemnidad no depend\u00eda tanto de las formas ricas o del aparato y fausto, sino \u201cdel modo digno y religioso de la celebraci\u00f3n\u201d, respetando el religioso silencio y la musicalidad del lenguaje con la cual el Se\u00f1or nos habla.<\/p>\n<p style=\"text-align: justify\">Se\u00f1al\u00f3 tambi\u00e9n a los presentes reunidos en la Sala Clementina, que se trata de \u201ccustodiar y valorizar el rico y multiforme patrimonio heredado del pasado, utiliz\u00e1ndolo con equilibrio en el presente y evitando el riesgo de una visi\u00f3n nost\u00e1lgica o &#8216;arqueol\u00f3gica&#8217;\u201d. Por ello se invit\u00f3 que la m\u00fasica sacra y el canto lit\u00fargico sean\u00a0\u201cplenamente inculturados en los lenguajes art\u00edsticos y musicales actuales\u201d.<\/p>\n<p style=\"text-align: justify\">El Papa reconoci\u00f3 entretanto que en esta tarea, aparecieron diversos problem\u00e1ticas relacionadas con el lenguaje, las formas y los g\u00e9neros musicales y que a veces prevaleci\u00f3 una cierta mediocridad, superficialidad y banalidad, en perjuicio de la belleza y de la intensidad de las celebraciones lit\u00fargicas.<\/p>\n<p style=\"text-align: justify\">Invit\u00f3 as\u00ed a \u201cpromover una adecuada formaci\u00f3n musical, tambi\u00e9n entre quienes se preparan para ser sacerdotes\u201d y elogi\u00f3 la \u201creflexi\u00f3n sobre la formaci\u00f3n est\u00e9tica y musical sea del clero que de los religiosos, como de los laicos empe\u00f1ados en la vida pastoral, y m\u00e1s directamente en las scolae cantorum.<\/p>\n<p style=\"text-align: justify\">Porque \u201cencarnar y traducir la Palabra de Dios en cantos, sonidos, armon\u00edas que hagan vibrar el coraz\u00f3n de nuestros contempor\u00e1neos, creando tambi\u00e9n un clima emotivo oportuno, que disponga a la fe y suscite la acogida y la plena participaci\u00f3n al misterio que se celebra\u201d. Es necesario, concluy\u00f3 el Papa &#8220;que la asamblea lit\u00fargica y el pueblo de Dios perciban y participen con todos los sentidos, f\u00edsicos y espirituales al misterio de Dios&#8221;.<\/p>\n<p><span class=\"et_bloom_bottom_trigger\"><\/span><\/p>\n<p><a href=\"https:\/\/es.zenit.org\/\" target=\"_blank\" rel=\"nofollow\">Fuente: es.zenit.org<\/a><\/p>\n","protected":false},"excerpt":{"rendered":"<p>(ZENIT- Ciudad del Vaticano, 4 Mar. 2017).- La m\u00fasica sacra y el canto lit\u00fargico tienen una tarea: &#8220;donarnos el sentido de la gloria de Dios, su belleza, su santidad que nos envuelve como una \u201cnube luminosa\u201d. Lo indic\u00f3 el papa Francisco este s\u00e1bado en el Vaticano, en la audiencia que concedi\u00f3 a los participantes del &hellip; <a href=\"https:\/\/www.biblia.work\/noticias\/francisco-al-congreso-de-musica-sacra-valorizar-la-tradicion-inculturizar-evitando-la-mediocridad\/\" class=\"more-link\">Continuar leyendo<span class=\"screen-reader-text\"> \u00abFrancisco al Congreso de m\u00fasica sacra: valorizar la tradici\u00f3n, inculturizar, evitando la mediocridad\u00bb<\/span><\/a><\/p>\n","protected":false},"author":1,"featured_media":0,"comment_status":"open","ping_status":"closed","sticky":false,"template":"","format":"standard","meta":{"footnotes":""},"categories":[1],"tags":[],"class_list":["post-12439","post","type-post","status-publish","format-standard","hentry","category-general"],"_links":{"self":[{"href":"https:\/\/www.biblia.work\/noticias\/wp-json\/wp\/v2\/posts\/12439","targetHints":{"allow":["GET"]}}],"collection":[{"href":"https:\/\/www.biblia.work\/noticias\/wp-json\/wp\/v2\/posts"}],"about":[{"href":"https:\/\/www.biblia.work\/noticias\/wp-json\/wp\/v2\/types\/post"}],"author":[{"embeddable":true,"href":"https:\/\/www.biblia.work\/noticias\/wp-json\/wp\/v2\/users\/1"}],"replies":[{"embeddable":true,"href":"https:\/\/www.biblia.work\/noticias\/wp-json\/wp\/v2\/comments?post=12439"}],"version-history":[{"count":0,"href":"https:\/\/www.biblia.work\/noticias\/wp-json\/wp\/v2\/posts\/12439\/revisions"}],"wp:attachment":[{"href":"https:\/\/www.biblia.work\/noticias\/wp-json\/wp\/v2\/media?parent=12439"}],"wp:term":[{"taxonomy":"category","embeddable":true,"href":"https:\/\/www.biblia.work\/noticias\/wp-json\/wp\/v2\/categories?post=12439"},{"taxonomy":"post_tag","embeddable":true,"href":"https:\/\/www.biblia.work\/noticias\/wp-json\/wp\/v2\/tags?post=12439"}],"curies":[{"name":"wp","href":"https:\/\/api.w.org\/{rel}","templated":true}]}}