{"id":12443,"date":"2017-03-04T12:15:02","date_gmt":"2017-03-04T17:15:02","guid":{"rendered":"http:\/\/www.biblia.work\/noticias\/el-vaticano-reduce-a-la-mitad-su-deficit-fiscal\/"},"modified":"2017-03-04T12:15:02","modified_gmt":"2017-03-04T17:15:02","slug":"el-vaticano-reduce-a-la-mitad-su-deficit-fiscal","status":"publish","type":"post","link":"https:\/\/www.biblia.work\/noticias\/el-vaticano-reduce-a-la-mitad-su-deficit-fiscal\/","title":{"rendered":"El Vaticano reduce a la mitad su d\u00e9ficit fiscal"},"content":{"rendered":"<p style=\"text-align: justify\">(ZENIT &#8211; Ciudad del Vaticano).- El Vaticano present\u00f3 su balance anual consolidado, referente al a\u00f1o 2015. Lo hizo la secretar\u00eda para la Econom\u00eda en un comunicado presentado este s\u00e1bado 4 de marzo de 2017.<\/p>\n<p style=\"text-align: justify\">La Santa Sede\u00a0ha registrado un d\u00e9ficit de 12,4 millones de euros, la mitad del ejercicio del 2015, que cerr\u00f3 con p\u00e9rdidas de 24 millones de euros. El de per\u00edodo 2014 registraba 25 millones de d\u00e9ficit.<\/p>\n<p style=\"text-align: justify\">En cambio\u00a0la Ciudad del Vaticano indica un super\u00e1vit de casi 60\u00a0millones de euros, gracias a los\u00a0ingresos de las actividades culturales, especialmente las relacionadas con los Museos.<\/p>\n<p style=\"text-align: justify\">Adem\u00e1s el presupuesto de 2017 se ha presentado, por primera vez antes del inicio del nuevo a\u00f1o calendario, al Consejo para la \u00a0Econom\u00eda, que ha recomendado su aprobaci\u00f3n. Esto permitir\u00e1 un mayor control sobre la revisi\u00f3n de los gastos, a trav\u00e9s del monitoreo de los resultados reales con respecto a \u00a0los planes financieros aprobados.<\/p>\n<p style=\"text-align: justify\">El atraso en la publicaci\u00f3n del balance, que en el pasado era en junio o julio, se debe a la los nuevos m\u00e9todos\u00a0destinados a dar mayor transparencia.<\/p>\n<p style=\"text-align: justify\"><strong>A continuaci\u00f3n\u00a0el Comunicado<\/strong> de la Secretar\u00eda para la Econom\u00eda sobre los Balances Anuales Consolidados de la Santa Sede, \u00a0del Estado de la Ciudad del Vaticano y de las \u00a0Entidades Afines correspondientes a 2015.<\/p>\n<p style=\"text-align: justify\">La Santa Sede ha registrado un d\u00e9ficit de 12,4 millones de euros en 2015. Las principales fuentes de ingresos en 2015, adem\u00e1s de las inversiones, incluyen las contribuciones realizadas de conformidad con el Canon 1271 del C\u00f3digo de Derecho Can\u00f3nico (24 millones de euros) y las contribuciones del Instituto para las Obras de Religi\u00f3n (50 millones de euros). Como en a\u00f1os anteriores, el gasto m\u00e1s significativo para la Santa Sede es el costo del personal.<\/p>\n<p style=\"text-align: justify\">La Gobernaci\u00f3n del Estado de la Ciudad del Vaticano indica un super\u00e1vit de 59,9 millones de euros para el a\u00f1o 2015, en gran parte fruto de los continuos ingresos derivados de las actividades culturales, especialmente las relacionadas con los Museos.<\/p>\n<p style=\"text-align: justify\">El Balance Anual Consolidado de 2015 representa el primer conjunto de informaci\u00f3n financiera elaborada siguiendo las Pol\u00edticas Vaticanas de <i>Financial Management<\/i> (VFMP), aprobadas por el Papa Francisco el 24 de octubre de 2014 y basadas en las Normas Internacionales de Contabilidad del Sector P\u00fablico (IPSAS).<\/p>\n<p style=\"text-align: justify\">La Secretar\u00eda para la Econom\u00eda ha informado al Consejo para la Econom\u00eda de que el camino hacia una plena implementaci\u00f3n de las VFMP est\u00e1 decididamente en curso pero que, no obstante, se necesitar\u00e1n unos a\u00f1os m\u00e1s para completar este proceso y realizar una auditor\u00eda completa . El Balance Anual Consolidado de 2015 representa un paso importante tanto en las reformas econ\u00f3micas como en \u00a0el camino hacia la adopci\u00f3n de nuevas pol\u00edticas cuyo progreso es satisfactorio.<\/p>\n<p style=\"text-align: justify\">El Consejo para la Econom\u00eda ha tomado acto\u00a0 del\u00a0 Balance Anual Consolidado de 2015 que durante este per\u00edodo de transici\u00f3n no ha sido todav\u00eda auditado. La adopci\u00f3n de las \u00a0VFMP beneficia enormemente a la Santa Sede y al Estado de la Ciudad del Vaticano ya que mejora la calidad y la transparencia de la informaci\u00f3n financiera, adem\u00e1s de potenciar el rigor en el procedimiento de<i> reporting <\/i>y de control financieros.<\/p>\n<p style=\"text-align: justify\">El Santo Padre, siguiendo la propuesta del Consejo para la Econom\u00eda, ha tomado acto del Balance Anual \u00a0Consolidado de 2015.<\/p>\n<p style=\"text-align: justify\">Se han realizado importantes avances en el proceso de predisposici\u00f3n del\u00a0 presupuesto. El presupuesto de 2017 se ha presentado, por primera vez antes del inicio del nuevo a\u00f1o calendario, al Consejo para la \u00a0Econom\u00eda, que ha recomendado su aprobaci\u00f3n. Esto permitir\u00e1 un mayor control sobre la revisi\u00f3n de los gastos, a trav\u00e9s del monitoreo de los resultados reales con respecto a \u00a0los planes financieros aprobados.<\/p>\n<p style=\"text-align: justify\">El Consejo para la \u00a0Econom\u00eda ha\u00a0 agradecido \u00a0a la Secretar\u00eda para la Econom\u00eda su decidido esfuerzo en la implementaci\u00f3n de las reformas econ\u00f3micas aprobadas por el Santo Padre.<\/p>\n<p><span class=\"et_bloom_bottom_trigger\"><\/span><\/p>\n<p><a href=\"https:\/\/es.zenit.org\/\" target=\"_blank\" rel=\"nofollow\">Fuente: es.zenit.org<\/a><\/p>\n","protected":false},"excerpt":{"rendered":"<p>(ZENIT &#8211; Ciudad del Vaticano).- El Vaticano present\u00f3 su balance anual consolidado, referente al a\u00f1o 2015. Lo hizo la secretar\u00eda para la Econom\u00eda en un comunicado presentado este s\u00e1bado 4 de marzo de 2017. La Santa Sede\u00a0ha registrado un d\u00e9ficit de 12,4 millones de euros, la mitad del ejercicio del 2015, que cerr\u00f3 con p\u00e9rdidas &hellip; <a href=\"https:\/\/www.biblia.work\/noticias\/el-vaticano-reduce-a-la-mitad-su-deficit-fiscal\/\" class=\"more-link\">Continuar leyendo<span class=\"screen-reader-text\"> \u00abEl Vaticano reduce a la mitad su d\u00e9ficit fiscal\u00bb<\/span><\/a><\/p>\n","protected":false},"author":1,"featured_media":0,"comment_status":"open","ping_status":"closed","sticky":false,"template":"","format":"standard","meta":{"footnotes":""},"categories":[1],"tags":[],"class_list":["post-12443","post","type-post","status-publish","format-standard","hentry","category-general"],"_links":{"self":[{"href":"https:\/\/www.biblia.work\/noticias\/wp-json\/wp\/v2\/posts\/12443","targetHints":{"allow":["GET"]}}],"collection":[{"href":"https:\/\/www.biblia.work\/noticias\/wp-json\/wp\/v2\/posts"}],"about":[{"href":"https:\/\/www.biblia.work\/noticias\/wp-json\/wp\/v2\/types\/post"}],"author":[{"embeddable":true,"href":"https:\/\/www.biblia.work\/noticias\/wp-json\/wp\/v2\/users\/1"}],"replies":[{"embeddable":true,"href":"https:\/\/www.biblia.work\/noticias\/wp-json\/wp\/v2\/comments?post=12443"}],"version-history":[{"count":0,"href":"https:\/\/www.biblia.work\/noticias\/wp-json\/wp\/v2\/posts\/12443\/revisions"}],"wp:attachment":[{"href":"https:\/\/www.biblia.work\/noticias\/wp-json\/wp\/v2\/media?parent=12443"}],"wp:term":[{"taxonomy":"category","embeddable":true,"href":"https:\/\/www.biblia.work\/noticias\/wp-json\/wp\/v2\/categories?post=12443"},{"taxonomy":"post_tag","embeddable":true,"href":"https:\/\/www.biblia.work\/noticias\/wp-json\/wp\/v2\/tags?post=12443"}],"curies":[{"name":"wp","href":"https:\/\/api.w.org\/{rel}","templated":true}]}}