{"id":12444,"date":"2017-03-04T12:15:03","date_gmt":"2017-03-04T17:15:03","guid":{"rendered":"http:\/\/www.biblia.work\/noticias\/colombia-una-app-para-rezar-por-la-paz\/"},"modified":"2017-03-04T12:15:03","modified_gmt":"2017-03-04T17:15:03","slug":"colombia-una-app-para-rezar-por-la-paz","status":"publish","type":"post","link":"https:\/\/www.biblia.work\/noticias\/colombia-una-app-para-rezar-por-la-paz\/","title":{"rendered":"Colombia: una \u2018app\u2019 para rezar por la paz"},"content":{"rendered":"<p style=\"text-align: justify\">Para orar por la paz de Colombia la Conferencia Episcopal ha desarrollado la aplicaci\u00f3n principalmente para tel\u00e9fonos m\u00f3viles o tabletas, \u201cOro por la Paz\u201d. En clave de reconciliaci\u00f3n, la aplicaci\u00f3n ofrece una gama de recursos para cada tiempo lit\u00fargico. En esta primera etapa est\u00e1 enfocado al tiempo de Cuaresma.<\/p>\n<p style=\"text-align: justify\">Desarrollada por el Departamento de Comunicaci\u00f3n Social del episcopado colombiano, la aplicaci\u00f3n ofrece para el tiempo de Cuaresma lecturas dominicales, el Via Crucis, oraciones enfocadas a la paz, claves para vivir el tiempo de Cuaresma e informaci\u00f3n y recursos de la Campa\u00f1a de Comunicaci\u00f3n Cristiana de Bienes.<\/p>\n<p style=\"text-align: justify\">Inicialmente la aplicaci\u00f3n se encuentra disponible para dispositivos con sistema operativo Android a trav\u00e9s de la tienda de Google Play. Pr\u00f3ximamente se contar\u00e1 para dispositivos iOS.<\/p>\n<p style=\"text-align: justify\">En los siguientes d\u00edas se tiene previsto nuevas actualizaciones donde se ir\u00e1n incorporando nuevos contenidos.<\/p>\n<p style=\"text-align: justify\">Oro por la Paz es una nueva versi\u00f3n de la antigua \u201cYo Oro por la Paz\u201d. Aquellos usuarios que ten\u00edan la antigua versi\u00f3n se les invita para que actualicen a esta nueva.<\/p>\n<p style=\"text-align: justify\"><a target=\"_blank\" rel=\"nofollow\" href=\"https:\/\/play.google.com\/store\/apps\/details?id=com.goodbarber.yooroporlapaz&amp;hl=es\">(Descargar la app)<\/a><\/p>\n<p><span class=\"et_bloom_bottom_trigger\"><\/span><\/p>\n<p><a href=\"https:\/\/es.zenit.org\/\" target=\"_blank\" rel=\"nofollow\">Fuente: es.zenit.org<\/a><\/p>\n","protected":false},"excerpt":{"rendered":"<p>Para orar por la paz de Colombia la Conferencia Episcopal ha desarrollado la aplicaci\u00f3n principalmente para tel\u00e9fonos m\u00f3viles o tabletas, \u201cOro por la Paz\u201d. En clave de reconciliaci\u00f3n, la aplicaci\u00f3n ofrece una gama de recursos para cada tiempo lit\u00fargico. En esta primera etapa est\u00e1 enfocado al tiempo de Cuaresma. Desarrollada por el Departamento de Comunicaci\u00f3n &hellip; <a href=\"https:\/\/www.biblia.work\/noticias\/colombia-una-app-para-rezar-por-la-paz\/\" class=\"more-link\">Continuar leyendo<span class=\"screen-reader-text\"> \u00abColombia: una \u2018app\u2019 para rezar por la paz\u00bb<\/span><\/a><\/p>\n","protected":false},"author":1,"featured_media":0,"comment_status":"open","ping_status":"closed","sticky":false,"template":"","format":"standard","meta":{"footnotes":""},"categories":[1],"tags":[],"class_list":["post-12444","post","type-post","status-publish","format-standard","hentry","category-general"],"_links":{"self":[{"href":"https:\/\/www.biblia.work\/noticias\/wp-json\/wp\/v2\/posts\/12444","targetHints":{"allow":["GET"]}}],"collection":[{"href":"https:\/\/www.biblia.work\/noticias\/wp-json\/wp\/v2\/posts"}],"about":[{"href":"https:\/\/www.biblia.work\/noticias\/wp-json\/wp\/v2\/types\/post"}],"author":[{"embeddable":true,"href":"https:\/\/www.biblia.work\/noticias\/wp-json\/wp\/v2\/users\/1"}],"replies":[{"embeddable":true,"href":"https:\/\/www.biblia.work\/noticias\/wp-json\/wp\/v2\/comments?post=12444"}],"version-history":[{"count":0,"href":"https:\/\/www.biblia.work\/noticias\/wp-json\/wp\/v2\/posts\/12444\/revisions"}],"wp:attachment":[{"href":"https:\/\/www.biblia.work\/noticias\/wp-json\/wp\/v2\/media?parent=12444"}],"wp:term":[{"taxonomy":"category","embeddable":true,"href":"https:\/\/www.biblia.work\/noticias\/wp-json\/wp\/v2\/categories?post=12444"},{"taxonomy":"post_tag","embeddable":true,"href":"https:\/\/www.biblia.work\/noticias\/wp-json\/wp\/v2\/tags?post=12444"}],"curies":[{"name":"wp","href":"https:\/\/api.w.org\/{rel}","templated":true}]}}