{"id":12447,"date":"2017-03-04T12:40:06","date_gmt":"2017-03-04T17:40:06","guid":{"rendered":"http:\/\/www.biblia.work\/noticias\/solo-jesus-no-se-volvio-ceniza-aunque-tambien-es-del-polvo-de-la-tierra\/"},"modified":"2017-03-04T12:40:06","modified_gmt":"2017-03-04T17:40:06","slug":"solo-jesus-no-se-volvio-ceniza-aunque-tambien-es-del-polvo-de-la-tierra","status":"publish","type":"post","link":"https:\/\/www.biblia.work\/noticias\/solo-jesus-no-se-volvio-ceniza-aunque-tambien-es-del-polvo-de-la-tierra\/","title":{"rendered":"S\u00f3lo Jes\u00fas no se volvi\u00f3 ceniza, aunque tambi\u00e9n es del polvo de la tierra"},"content":{"rendered":"<p> <img src='http:\/\/media02.radiovaticana.va\/photo\/2017\/03\/04\/1912135_Thumbnail.jpg' alt='' align='left' hspace='5'> <\/p>\n<p><span><br \/>\n<audio class=\"video-js vjs-default-skin vjs-big-play-button-centered rv-custom-audio\" controls=\"\" id=\"audioItem_9787424\" preload=\"none\"><\/audio><br \/>\n<span class=\"rv-audio-download\"><a href=\"http:\/\/media02.radiovaticana.va\/audio\/audio2\/mp3\/00572498.mp3\" title=\"Download audio\"><img decoding=\"async\" src=\"http:\/\/es.radiovaticana.va\/Modules\/Presentation\/Styles\/images-common\/icons\/download-audio-mp3_off.png\" style=\"height: 30px\" \/><\/a><\/span> <\/span><\/p>\n<p>(RV).- El Papa Francisco recibi&oacute; este s&aacute;bado a los participantes en el Congreso sobre &ldquo;M&uacute;sica e Iglesia: culto y cultura a 50 a&ntilde;os de la Musicam sacram&rdquo;, organizado por el Consejo Pontificio de la Cultura y por la Congregaci&oacute;n para la Educaci&oacute;n Cat&oacute;lica, en colaboraci&oacute;n con el Pontificio Instituto de M&uacute;sica Sacra y el Pontificio Instituto Lit&uacute;rgico del Ateneo San Anselmo.<\/p>\n<p>En el discurso que les dirigi&oacute;, Francisco empez&oacute; notando que medio siglo despu&eacute;s de la Instrucci&oacute;n Musicam sacram, este encuentro ha querido profundizar, en una &oacute;ptica interdisciplinar y ecum&eacute;nica, la actual relaci&oacute;n entre la m&uacute;sica sacra y la cultura contempor&aacute;nea, entre el repertorio musical adoptado y usado por la comunidad cristiana y las tendencias musicales prevalentes.<\/p>\n<p>&ldquo;El primer documento emanado por el Concilio Vaticano II fue la Constituci&oacute;n sobre la liturgia Sacrosanctum Concilium. Los Padres Conciliares advert&iacute;an la dificultad de los fieles al participar en una liturgia de la que no comprend&iacute;an plenamente el lenguaje, las palabras y los signos. Para concretar las l&iacute;neas fundamentales trazadas por la Constituci&oacute;n, fueron emanadas Instrucciones, entre las que se encuentra precisamente aquella sobre la m&uacute;sica sacra&rdquo;, precis&oacute; el Pont&iacute;fice, a&ntilde;adiendo que es a&uacute;n de gran actualidad la premisa de la mencionada Instrucci&oacute;n: &ldquo;La acci&oacute;n lit&uacute;rgica reviste una forma m&aacute;s noble cuando es celebrada en canto, con los ministros de cada grado que desarrollan el propio oficio, y con la participaci&oacute;n del pueblo. En esta forma, de hecho, la celebraci&oacute;n adquiere una expresi&oacute;n m&aacute;s alegre, y el misterio de la sacra Liturgia y su naturaleza jer&aacute;rquica y comunitaria son manifestados con mayor claridad&rdquo;.<\/p>\n<p>El Papa observ&oacute; tambi&eacute;n que varias veces el Documento, siguiendo las indicaciones conciliares, pone en evidencia la importancia de la participaci&oacute;n de toda la asamblea de los fieles, definida &ldquo;activa, consciente, plena&rdquo;, y subraya con mucha claridad que la verdadera solemnidad de una acci&oacute;n lit&uacute;rgica no depende tanto de la forma m&aacute;s rica del canto y del aparato m&aacute;s fastuoso de las ceremonias, que m&aacute;s bien de la forma digna y religiosa de la celebraci&oacute;n. Se trata, sobre todo, de participar intensamente en el Misterio de Dios, en la &ldquo;teofan&iacute;a&rdquo; que se cumple en toda celebraci&oacute;n eucar&iacute;stica, en la que el Se&ntilde;or se hace presente en medio de su pueblo.<\/p>\n<p>&ldquo;Al respecto, emerge una doble misi&oacute;n que la Iglesia est&aacute; llamada a&nbsp; perseguir, especialmente a trav&eacute;s de aquellos que trabajan en este sector. Se trata, por una parte, de salvaguardar y valorizar el rico y multiforme patrimonio heredado del pasado, utiliz&aacute;ndolo con equilibrio en el presente.&nbsp; Por otra parte, es necesario hacer que la m&uacute;sica sacra y el canto lit&uacute;rgico sean plenamente &lsquo;inculturados&rsquo; en los lenguajes art&iacute;sticos y musicales de la actualidad. Que sepan encarnar y traducir la Palabra de Dios en cantos, sonidos, armon&iacute;as que hagan vibrar el coraz&oacute;n de nuestros contempor&aacute;neos, creando tambi&eacute;n un oportuno clima emotivo, que disponga a la fe y suscite la acogida y la plena participaci&oacute;n al misterio que se celebra. Para favorecer este recorrido, es necesario promover una adecuada formaci&oacute;n musical, tambi&eacute;n en todos los que se preparan al sacerdocio, en di&aacute;logo con las corrientes musicales de nuestro tiempo, con las instancias de las diversas &aacute;reas culturales, y en actitud ecum&eacute;nica&rdquo;.<\/p>\n<p>A los participantes en el simposio el Obispo de Roma agradeci&oacute; por su empe&ntilde;o en el &aacute;mbito de la m&uacute;sica sacra.&nbsp; &ldquo;Los acompa&ntilde;e la Virgen Mar&iacute;a, que en el Magnificat ha cantado la santidad misericordiosa de Dios&rdquo;. Finalizando su discurso, Francisco los estimul&oacute; a no perder de vista el importante objetivo de ayudar a la asamblea lit&uacute;rgica y al pueblo de Dios a percibir y a participar, con todos los sentidos, f&iacute;sicos y espirituales, del misterio de Dios. &ldquo;La m&uacute;sica sacra y el canto lit&uacute;rgico tienen la tarea de donarnos el sentido de la gloria de Dios, de su belleza, de su santidad&rdquo;.<\/p>\n<p>(RC-RV)<\/p>\n<p>&nbsp;<\/p>\n<p>&nbsp;<\/p>\n<p><a href=\"http:\/\/es.radiovaticana.va\" target=\"_blank\" rel=\"nofollow\">Fuente: es.radiovaticana.va<\/a><\/p>\n","protected":false},"excerpt":{"rendered":"<p>(RV).- El Papa Francisco recibi&oacute; este s&aacute;bado a los participantes en el Congreso sobre &ldquo;M&uacute;sica e Iglesia: culto y cultura a 50 a&ntilde;os de la Musicam sacram&rdquo;, organizado por el Consejo Pontificio de la Cultura y por la Congregaci&oacute;n para la Educaci&oacute;n Cat&oacute;lica, en colaboraci&oacute;n con el Pontificio Instituto de M&uacute;sica Sacra y el Pontificio &hellip; <a href=\"https:\/\/www.biblia.work\/noticias\/solo-jesus-no-se-volvio-ceniza-aunque-tambien-es-del-polvo-de-la-tierra\/\" class=\"more-link\">Continuar leyendo<span class=\"screen-reader-text\"> \u00abS\u00f3lo Jes\u00fas no se volvi\u00f3 ceniza, aunque tambi\u00e9n es del polvo de la tierra\u00bb<\/span><\/a><\/p>\n","protected":false},"author":1,"featured_media":0,"comment_status":"open","ping_status":"closed","sticky":false,"template":"","format":"standard","meta":{"footnotes":""},"categories":[1],"tags":[],"class_list":["post-12447","post","type-post","status-publish","format-standard","hentry","category-general"],"_links":{"self":[{"href":"https:\/\/www.biblia.work\/noticias\/wp-json\/wp\/v2\/posts\/12447","targetHints":{"allow":["GET"]}}],"collection":[{"href":"https:\/\/www.biblia.work\/noticias\/wp-json\/wp\/v2\/posts"}],"about":[{"href":"https:\/\/www.biblia.work\/noticias\/wp-json\/wp\/v2\/types\/post"}],"author":[{"embeddable":true,"href":"https:\/\/www.biblia.work\/noticias\/wp-json\/wp\/v2\/users\/1"}],"replies":[{"embeddable":true,"href":"https:\/\/www.biblia.work\/noticias\/wp-json\/wp\/v2\/comments?post=12447"}],"version-history":[{"count":0,"href":"https:\/\/www.biblia.work\/noticias\/wp-json\/wp\/v2\/posts\/12447\/revisions"}],"wp:attachment":[{"href":"https:\/\/www.biblia.work\/noticias\/wp-json\/wp\/v2\/media?parent=12447"}],"wp:term":[{"taxonomy":"category","embeddable":true,"href":"https:\/\/www.biblia.work\/noticias\/wp-json\/wp\/v2\/categories?post=12447"},{"taxonomy":"post_tag","embeddable":true,"href":"https:\/\/www.biblia.work\/noticias\/wp-json\/wp\/v2\/tags?post=12447"}],"curies":[{"name":"wp","href":"https:\/\/api.w.org\/{rel}","templated":true}]}}