{"id":12448,"date":"2017-03-04T14:05:02","date_gmt":"2017-03-04T19:05:02","guid":{"rendered":"http:\/\/www.biblia.work\/noticias\/con-su-nuevo-automovil-el-papa-da-una-leccion-a-los-lideres-del-mundo\/"},"modified":"2017-03-04T14:05:02","modified_gmt":"2017-03-04T19:05:02","slug":"con-su-nuevo-automovil-el-papa-da-una-leccion-a-los-lideres-del-mundo","status":"publish","type":"post","link":"https:\/\/www.biblia.work\/noticias\/con-su-nuevo-automovil-el-papa-da-una-leccion-a-los-lideres-del-mundo\/","title":{"rendered":"Con su nuevo autom\u00f3vil el Papa da una lecci\u00f3n a los l\u00edderes del mundo"},"content":{"rendered":"<p> VATICANO, 04 Mar. 17 (ACI).-<br \/>\n\tLa Ciudad del Vaticano busca convertirse en uno de los primeros Estados del mundo en consumir &uacute;nicamente energ&iacute;as renovables.<\/p>\n<p style=\"text-align: justify\">\n\tComo parte de este proyecto, a&uacute;n en fase experimental, la Santa Sede acaba de recibir de la empresa Nissan y sin costo, un auto el&eacute;ctrico, cuyo funcionamiento permitir&aacute; estudiar la incidencia real de esta medida destinada a lograr una movilidad libre de emisiones.<\/p>\n<p style=\"text-align: justify\">\n\tEl objetivo es conseguir que el Vaticano cumpla con los objetivos se&ntilde;alados en la enc&iacute;clica Laudato Si&rsquo; sobre el medioambiente y la sostenibilidad.<\/p>\n<p style=\"text-align: justify\">\n\tJochen Wermuth, jefe de la oficina de inversi&oacute;n de Wermuth Asset Management, la empresa que se encarga de asesorar al Vaticano en la implementaci&oacute;n de estas medidas, asegur&oacute; que &ldquo;el hecho de que el Papa comience a utilizar un auto 100% el&eacute;ctrico es una gran noticia para el mundo&rdquo;.<\/p>\n<p style=\"text-align: justify\">\n\tEsto, dijo Wermuth, &ldquo;supone un ejemplo para otros jefes de Estado y para todos en el mundo futuro. En la actualidad no s&oacute;lo se trata de una decisi&oacute;n moralmente correcta, sino que incluso es m&aacute;s barato tener un coche el&eacute;ctrico en vez de uno de combusti&oacute;n&rdquo;.<\/p>\n<p style=\"text-align: justify\">\n\tWermuth fue quien ofreci&oacute; al Santo Padre la posibilidad de tener el auto el&eacute;ctrico de la firma Nissan, para lo cual le dio al Pont&iacute;fice la oportunidad de escoger entre un Tesla Model S y un Leaf. El Papa opt&oacute; por el segundo, declar&oacute; al medio alem&aacute;n Spiegel y Wermuth mismo lo llev&oacute; al Vaticano.<\/p>\n<p style=\"text-align: justify\">\n\tLa actualizaci&oacute;n del parque automovil&iacute;stico vaticano con coches el&eacute;ctricos no es la &uacute;nica medida de la Santa Sede destinada a lograr una movilidad ecol&oacute;gicamente sostenible.<\/p>\n<p style=\"text-align: justify\">\n\tEn las calles del peque&ntilde;o Estado Vaticano ya circulan bicicletas el&eacute;ctricas donadas por la empresa florentina NWG, especializada en las energ&iacute;as renovables.<\/p>\n<p style=\"text-align: justify\">\n\tEl Papa Francisco ha mostrado en numerosas ocasiones su preocupaci&oacute;n por el medio ambiente y su compromiso con el desarrollo sostenible. En su enc&iacute;clica Laudato si&rsquo;, del 24 de mayo de 2015, el Pont&iacute;fice reflexiona sobre la creaci&oacute;n y llama a cuidar el medio ambiente y el planeta, la casa com&uacute;n.<\/p>\n<p style=\"text-align: justify\">\n\tEn este sentido, la Pontificia Academia de las Ciencias Sociales organiz&oacute; en el Vaticano una conferencia con el tema &ldquo;Extinci&oacute;n biol&oacute;gica. C&oacute;mo salvar el medioambiente natural del cual dependemos&rdquo;.<\/p>\n<p style=\"text-align: justify\">\n\tEn las conclusiones a las que llegaron los diferentes expertos que participaron en la conferencia, se destaca la necesidad de &ldquo;buscar nuevos modos de trabajar juntos para construir un mundo sostenible, estable y sustentado en la justicia social&rdquo;.<\/p>\n<p style=\"text-align: justify\">\n\t&ldquo;En el pasado, la raza humana ha experimentado graves amenazas locales, pero las amenazas ahora son a nivel global. Para resolver nuestro dilema com&uacute;n, debemos aprender a apreciarnos los unos a los otros, a colaborar y a construir puentes en todo el mundo a niveles hasta ahora inimaginables&rdquo;, indicaron.<\/p>\n<p style=\"text-align: justify\">\n\tTambi&eacute;n te puede interesar:&nbsp;<\/p>\n<p style=\"text-align: justify\">\n\t\tUn cristiano no puede ser indiferente ante agresiones al medio ambiente, dice el Papa https:\/\/t.co\/yqUoor5EXm<\/p>\n<p>\t&mdash; ACI Prensa (@aciprensa) 1 de marzo de 2017<\/p>\n<p style=\"text-align: justify\">\n\t&nbsp;<\/p>\n","protected":false},"excerpt":{"rendered":"<p>VATICANO, 04 Mar. 17 (ACI).- La Ciudad del Vaticano busca convertirse en uno de los primeros Estados del mundo en consumir &uacute;nicamente energ&iacute;as renovables. Como parte de este proyecto, a&uacute;n en fase experimental, la Santa Sede acaba de recibir de la empresa Nissan y sin costo, un auto el&eacute;ctrico, cuyo funcionamiento permitir&aacute; estudiar la incidencia &hellip; <a href=\"https:\/\/www.biblia.work\/noticias\/con-su-nuevo-automovil-el-papa-da-una-leccion-a-los-lideres-del-mundo\/\" class=\"more-link\">Continuar leyendo<span class=\"screen-reader-text\"> \u00abCon su nuevo autom\u00f3vil el Papa da una lecci\u00f3n a los l\u00edderes del mundo\u00bb<\/span><\/a><\/p>\n","protected":false},"author":1,"featured_media":0,"comment_status":"open","ping_status":"closed","sticky":false,"template":"","format":"standard","meta":{"footnotes":""},"categories":[1],"tags":[],"class_list":["post-12448","post","type-post","status-publish","format-standard","hentry","category-general"],"_links":{"self":[{"href":"https:\/\/www.biblia.work\/noticias\/wp-json\/wp\/v2\/posts\/12448","targetHints":{"allow":["GET"]}}],"collection":[{"href":"https:\/\/www.biblia.work\/noticias\/wp-json\/wp\/v2\/posts"}],"about":[{"href":"https:\/\/www.biblia.work\/noticias\/wp-json\/wp\/v2\/types\/post"}],"author":[{"embeddable":true,"href":"https:\/\/www.biblia.work\/noticias\/wp-json\/wp\/v2\/users\/1"}],"replies":[{"embeddable":true,"href":"https:\/\/www.biblia.work\/noticias\/wp-json\/wp\/v2\/comments?post=12448"}],"version-history":[{"count":0,"href":"https:\/\/www.biblia.work\/noticias\/wp-json\/wp\/v2\/posts\/12448\/revisions"}],"wp:attachment":[{"href":"https:\/\/www.biblia.work\/noticias\/wp-json\/wp\/v2\/media?parent=12448"}],"wp:term":[{"taxonomy":"category","embeddable":true,"href":"https:\/\/www.biblia.work\/noticias\/wp-json\/wp\/v2\/categories?post=12448"},{"taxonomy":"post_tag","embeddable":true,"href":"https:\/\/www.biblia.work\/noticias\/wp-json\/wp\/v2\/tags?post=12448"}],"curies":[{"name":"wp","href":"https:\/\/api.w.org\/{rel}","templated":true}]}}