{"id":12453,"date":"2017-03-04T22:05:02","date_gmt":"2017-03-05T03:05:02","guid":{"rendered":"http:\/\/www.biblia.work\/noticias\/fotos-y-mas-de-un-millon-y-medio-marchan-contra-la-ideologia-de-genero-en-peru\/"},"modified":"2017-03-04T22:05:02","modified_gmt":"2017-03-05T03:05:02","slug":"fotos-y-mas-de-un-millon-y-medio-marchan-contra-la-ideologia-de-genero-en-peru","status":"publish","type":"post","link":"https:\/\/www.biblia.work\/noticias\/fotos-y-mas-de-un-millon-y-medio-marchan-contra-la-ideologia-de-genero-en-peru\/","title":{"rendered":"FOTOS y M\u00e1s de un mill\u00f3n y medio marchan contra la ideolog\u00eda de g\u00e9nero en Per\u00fa"},"content":{"rendered":"<p> REDACCI\u00d3N CENTRAL, 04 Mar. 17 (ACI).-<br \/>\n\tBajo el lema #ConMisHijosNoTeMetas, m&aacute;s de un mill&oacute;n y medio de peruanos se manifestaron en las 24 regiones de Per&uacute; contra el adoctrinamiento en ideolog&iacute;a de g&eacute;nero a menores en edad escolar.<\/p>\n<p style=\"text-align: justify\">\n\tAl final del evento central, en Lima, capital del pa&iacute;s, los organizadores confirmaron que en los eventos realizados durante el d&iacute;a en las diferentes ciudades de Per&uacute;, la asistencia super&oacute; el mill&oacute;n y medio de manifestantes. Entre los presentes se encontraban los congresistas Julio Rosas, Carlos Tubino, Nelly Cuadros, Juan Carlos Gonzales, Marco Miyashiro, Roberto Vieira, Federico Pariona y&nbsp;Edwin Donayre.<\/p>\n<p style=\"text-align: justify\">\n\t\tLos organizadores de #conmishijosnotemetas anuncian que m&aacute;s de 1.5 millones marcharon en todo el Per&uacute; #4M ????@Calderon_Martha \/ @acamasca pic.twitter.com\/351NDByffr<\/p>\n<p>\t&mdash; ACI Prensa (@aciprensa) 4 de marzo de 2017<\/p>\n<p style=\"text-align: justify\">\n\t#ConMisHijosNoTeMetas es una campa&ntilde;a que responde al intento del gobierno de Per&uacute;, a trav&eacute;s del Ministerio de Educaci&oacute;n, de promover en 2017 un Curr&iacute;culo Nacional, para menores desde los 0 a&ntilde;os, con criterios de la ideolog&iacute;a de g&eacute;nero.<\/p>\n<p style=\"text-align: justify\">\n\tEn enero de este a&ntilde;o, la Conferencia Episcopal Peruana se&ntilde;al&oacute; al gobierno que &ldquo;urge la supresi&oacute;n en el nuevo Curr&iacute;culo Nacional de aquellas nociones provenientes de la ideolog&iacute;a de g&eacute;nero&rdquo;.<\/p>\n<p style=\"text-align: justify\">\n\tEn diversos puntos de Lima, capital del pa&iacute;s, desde las 2:00 p.m. (hora local) del 4 de marzo grupos multitudinarios se reunieron para dirigirse a la Plaza San Mart&iacute;n, en el centro de la ciudad.<\/p>\n<p style=\"text-align: justify\">\n\t\tMiles de personas se re&uacute;nen ahora en Lima, Per&uacute;, en la marcha #ConMisHijosNoTeMetas contra la ideolog&iacute;a de g&eacute;nero en las escuelas ????@YoDash pic.twitter.com\/ZAqnTZJhMQ<\/p>\n<p>\t&mdash; ACI Prensa (@aciprensa) 4 de marzo de 2017<\/p>\n<p style=\"text-align: justify\">\n\tA la marcha en Lima asisti&oacute; la diputada colombiana &Aacute;ngela Hern&aacute;ndez, que encabez&oacute; en Colombia, en 2016, una serie de manifestaciones contra el adoctrinamiento de ni&ntilde;os en ideolog&iacute;a de g&eacute;nero.<\/p>\n<p style=\"text-align: justify\">\n\tLas masivas protestas llevaron a la renuncia de la entonces Ministra de Educaci&oacute;n de ese pa&iacute;s, Gina Parody.<\/p>\n<p style=\"text-align: justify\">\n\t\tLa diputada #AngelaHernandez, quien moviliz&oacute; a Colombia contra la ideolog&iacute;a de g&eacute;nero est&aacute; en marcha #conmishijosnotemetas de Per&uacute; ???? @YoDash pic.twitter.com\/a92vbBPsaN<\/p>\n<p>\t&mdash; ACI Prensa (@aciprensa) 4 de marzo de 2017<\/p>\n<p style=\"text-align: justify\">\n\tEn declaraciones a ACI Prensa el 4 de marzo, Hern&aacute;ndez calific&oacute; a la ideolog&iacute;a de g&eacute;nero de &ldquo;perversa&rdquo; y advirti&oacute; que &ldquo;pretende colonizar la mente de nuestros ni&ntilde;os&rdquo; y &ldquo;da&ntilde;ar la identidad sexual que hasta el d&iacute;a de hoy tenemos&rdquo;.<\/p>\n<p style=\"text-align: justify\">\n\tLa diputada colombiana exhort&oacute; al presidente de Per&uacute;, Pedro Pablo Kuczynski, a escuchar &ldquo;la voluntad democr&aacute;tica del pueblo y quite esta curr&iacute;cula escolar&rdquo; y que &ldquo;respete el derecho que tienen los padres a educar a sus hijos&rdquo;.<\/p>\n<p style=\"text-align: justify\">\n\tLos manifestantes, con diversas pancartas y lemas cr&iacute;ticos a la ideolog&iacute;a de g&eacute;nero recorrieron los principales distritos de la capital peruana.<\/p>\n<p style=\"text-align: justify\">\n\t\tEstos carteles se ven ahora en la marcha #ConMisHijosNoTeMetas en Lima, Per&uacute; ???? @MaryaXimena pic.twitter.com\/t5gayt65n8<\/p>\n<p>\t&mdash; ACI Prensa (@aciprensa) 4 de marzo de 2017<\/p>\n<p style=\"text-align: justify\">\n\t\tManifestantes de #ConMisHijosNoteMetas env&iacute;an directos mensajes al gobierno de Per&uacute; contra ideolog&iacute;a de g&eacute;nero #4M ???? @YoDash \/ @MaryaXimena pic.twitter.com\/5o2TTU3VFs<\/p>\n<p>\t&mdash; ACI Prensa (@aciprensa) 4 de marzo de 2017<\/p>\n<p style=\"text-align: justify\">\n\tEn otras importantes ciudades del pa&iacute;s, como Arequipa, Trujillo, Iquitos y Cusco, se registraron numerosas manifestaciones.<\/p>\n<p style=\"text-align: justify\">\n\t\t#ArequipaPresente #ConMisHijosNoTeMetas #4M pic.twitter.com\/YpLY4xUPWC<\/p>\n<p>\t&mdash; Conmishijosnotemetas (@conmishijosperu) 4 de marzo de 2017<\/p>\n<p style=\"text-align: justify\">\n\t\t#IquitosPresente #ConMisHijosNoTeMetas #4M pic.twitter.com\/RSWTzkyJw6<\/p>\n<p>\t&mdash; Conmishijosnotemetas (@conmishijosperu) 4 de marzo de 2017<\/p>\n<p style=\"text-align: justify\">\n\t\t#CuscoPresente #ConMisHijosNoTeMetas #4M pic.twitter.com\/f3BAgwRs5k<\/p>\n<p>\t&mdash; Conmishijosnotemetas (@conmishijosperu) 4 de marzo de 2017<\/p>\n<p style=\"text-align: justify\">\n\t\t&iquest;Por qu&eacute; miles marchan en todo Per&uacute; contra ideolog&iacute;a de g&eacute;nero en las escuelas? Este afiche lo explica #conmishijosnotemetas ????@MaryaXimena pic.twitter.com\/0v2lTu9jMt<\/p>\n<p>\t&mdash; ACI Prensa (@aciprensa) 4 de marzo de 2017<\/p>\n<p style=\"text-align: justify\">\n\tEntrevistada por ACI Prensa, Beatr&iacute;z Mej&iacute;a, vocera de #ConMisHijosNoTeMetas, expres&oacute; su deseo de que el presidente de Per&uacute; anuncie a la Naci&oacute;n &ldquo;que la ideolog&iacute;a de g&eacute;nero no va&rdquo;.<\/p>\n<p style=\"text-align: justify\">\n\t\tBeatriz Mej&iacute;a, vocera de #conmishijosnotemetas: Esperamos que Pdte. Kuczynski anuncie que ideolog&iacute;a de g&eacute;nero no va en Per&uacute; ????@MaryaXimena pic.twitter.com\/fe0PDI2q9X<\/p>\n<p>\t&mdash; ACI Prensa (@aciprensa) 4 de marzo de 2017<\/p>\n<p style=\"text-align: justify\">\n\tEl vicario episcopal de la Comisi&oacute;n de Familia y Vida de la Arquidi&oacute;cesis de Lima (Per&uacute;), P. Luis Gaspar, destac&oacute; que &ldquo;la educaci&oacute;n como primer derecho de sus padres hacia sus hijos no se negocia&rdquo;.<\/p>\n<p style=\"text-align: justify\">\n\t\tEl @PadreLGaspar explica en marcha #conmishijosnotemetas posici&oacute;n de la Iglesia Cat&oacute;lica ante ideolog&iacute;a de g&eacute;nero en Per&uacute; ???? @acamasca pic.twitter.com\/vD9PikWiRO<\/p>\n<p>\t&mdash; ACI Prensa (@aciprensa) 4 de marzo de 2017<\/p>\n<p style=\"text-align: justify\">\n\t&ldquo;Estamos en una guerra moral, en una guerra espiritual y el campo de batalla es la mente de sus hijos, y lo vamos a defender hasta el final de nuestros d&iacute;as&rdquo;.<\/p>\n<p style=\"text-align: justify\">\n\tEl P. Gaspar invit&oacute; tambi&eacute;n a los manifestantes a participar en la Marcha por la Vida, que se realizar&aacute; en Lima el 25 de marzo.<\/p>\n<p style=\"text-align: justify\">\n\tEntre los manifestantes tambi&eacute;n se realizaron duras cr&iacute;ticas a los medios de comunicaci&oacute;n, que suelen ignorar o minimizar la magnitud de las marchas en defensa de la vida y la familia.<\/p>\n<p style=\"text-align: justify\">\n\t\tDura cr&iacute;tica a la prensa que habitualmente ignora las multitudinarias marchas a favor de la familia y de la vida #ConMisHijosNoTeMetas pic.twitter.com\/j7YTupd0gO<\/p>\n<p>\t&mdash; David Ramos (@YoDash) 4 de marzo de 2017<\/p>\n<p style=\"text-align: justify\">\n\tTambi&eacute;n te puede interesar:<\/p>\n<p style=\"text-align: justify\">\n\t\tTenemos que llenar las calles, dice Cardenal sobre Marcha por la Vida 2017 en Per&uacute; https:\/\/t.co\/HVIoCv7E0c<\/p>\n<p>\t&mdash; ACI Prensa (@aciprensa) 26 de febrero de 2017<\/p>\n","protected":false},"excerpt":{"rendered":"<p>REDACCI\u00d3N CENTRAL, 04 Mar. 17 (ACI).- Bajo el lema #ConMisHijosNoTeMetas, m&aacute;s de un mill&oacute;n y medio de peruanos se manifestaron en las 24 regiones de Per&uacute; contra el adoctrinamiento en ideolog&iacute;a de g&eacute;nero a menores en edad escolar. Al final del evento central, en Lima, capital del pa&iacute;s, los organizadores confirmaron que en los eventos &hellip; <a href=\"https:\/\/www.biblia.work\/noticias\/fotos-y-mas-de-un-millon-y-medio-marchan-contra-la-ideologia-de-genero-en-peru\/\" class=\"more-link\">Continuar leyendo<span class=\"screen-reader-text\"> \u00abFOTOS y M\u00e1s de un mill\u00f3n y medio marchan contra la ideolog\u00eda de g\u00e9nero en Per\u00fa\u00bb<\/span><\/a><\/p>\n","protected":false},"author":1,"featured_media":0,"comment_status":"open","ping_status":"closed","sticky":false,"template":"","format":"standard","meta":{"footnotes":""},"categories":[1],"tags":[],"class_list":["post-12453","post","type-post","status-publish","format-standard","hentry","category-general"],"_links":{"self":[{"href":"https:\/\/www.biblia.work\/noticias\/wp-json\/wp\/v2\/posts\/12453","targetHints":{"allow":["GET"]}}],"collection":[{"href":"https:\/\/www.biblia.work\/noticias\/wp-json\/wp\/v2\/posts"}],"about":[{"href":"https:\/\/www.biblia.work\/noticias\/wp-json\/wp\/v2\/types\/post"}],"author":[{"embeddable":true,"href":"https:\/\/www.biblia.work\/noticias\/wp-json\/wp\/v2\/users\/1"}],"replies":[{"embeddable":true,"href":"https:\/\/www.biblia.work\/noticias\/wp-json\/wp\/v2\/comments?post=12453"}],"version-history":[{"count":0,"href":"https:\/\/www.biblia.work\/noticias\/wp-json\/wp\/v2\/posts\/12453\/revisions"}],"wp:attachment":[{"href":"https:\/\/www.biblia.work\/noticias\/wp-json\/wp\/v2\/media?parent=12453"}],"wp:term":[{"taxonomy":"category","embeddable":true,"href":"https:\/\/www.biblia.work\/noticias\/wp-json\/wp\/v2\/categories?post=12453"},{"taxonomy":"post_tag","embeddable":true,"href":"https:\/\/www.biblia.work\/noticias\/wp-json\/wp\/v2\/tags?post=12453"}],"curies":[{"name":"wp","href":"https:\/\/api.w.org\/{rel}","templated":true}]}}