{"id":12457,"date":"2017-03-05T07:15:03","date_gmt":"2017-03-05T12:15:03","guid":{"rendered":"http:\/\/www.biblia.work\/noticias\/el-papa-en-el-angelus-hoy-iniciamos-un-retiro-recen-por-mi-y-por-mis-colaboradores-de-la-curia-romana\/"},"modified":"2017-03-05T07:15:03","modified_gmt":"2017-03-05T12:15:03","slug":"el-papa-en-el-angelus-hoy-iniciamos-un-retiro-recen-por-mi-y-por-mis-colaboradores-de-la-curia-romana","status":"publish","type":"post","link":"https:\/\/www.biblia.work\/noticias\/el-papa-en-el-angelus-hoy-iniciamos-un-retiro-recen-por-mi-y-por-mis-colaboradores-de-la-curia-romana\/","title":{"rendered":"El Papa en el \u00c1ngelus: Hoy iniciamos un retiro, recen por m\u00ed y por mis colaboradores de la Curia Romana\u201d"},"content":{"rendered":"<p style=\"text-align: justify\">(ZENIT- Ciudad del Vaticano, 6 Mar. 2017).- El papa Francisco rez\u00f3 este domingo el \u00e1ngelus desde su estudio que da a la plaza de San Pedro. All\u00ed le aguardaban miles de fieles y peregrinos, con quienes el Santo Padre presidi\u00f3 la oraci\u00f3n mariana.<\/p>\n<p style=\"text-align: justify\">Despu\u00e9s de rezar el \u00e1ngelus, el Pont\u00edfice record\u00f3 que este pasado mi\u00e9rcoles de ceniza inici\u00f3 el per\u00edodo de la Cuaresma: \u201cHace pocos d\u00edas hemos iniciado la Cuaresma, que es el camino del Pueblo de Dios hacia la Pascua, un camino de conversi\u00f3n, de lucha contra el mal con las armas de la oraci\u00f3n, del ayuno y de las obras de caridad\u201d.<\/p>\n<p style=\"text-align: justify\">Y le dese\u00f3 a todos \u201cque el camino cuaresmal sea rico de frutos\u201d, en particular pidi\u00f3 \u201cque se recuerden en sus oraciones de m\u00ed y de mis colaboradores de la Curia Romana, que esta tarde iniciaremos la semana de Ejercicios Espirituales\u201d.<\/p>\n<p style=\"text-align: justify\">El Santo Padre dirigi\u00f3 adem\u00e1s \u201cun cordial saludo a las familias, a los grupos parroquiales, a las asociaciones y a todos los peregrinos que llegaron de Italia y de diversos pa\u00edses del mundo\u201d.<\/p>\n<p style=\"text-align: justify\">Salud\u00f3 tambi\u00e9n a los fieles provenientes de las di\u00f3cesis de Madrid, C\u00f3rdoba y Varsovia, as\u00ed como a los de Belluno y Mestre\u201d.El Papa mencion\u00f3 tambi\u00e9n a \u201clos j\u00f3venes del decanato de Biaggio (Mil\u00e1n), y a los participantes el encuentro promovido por las Maestra P\u00edas Filipinas.<\/p>\n<p style=\"text-align: justify\">&nbsp;<\/p>\n<p style=\"text-align: justify\">&nbsp;<\/p>\n<p style=\"text-align: justify\">&nbsp;<\/p>\n<p><span class=\"et_bloom_bottom_trigger\"><\/span><\/p>\n<p><a href=\"https:\/\/es.zenit.org\/\" target=\"_blank\" rel=\"nofollow\">Fuente: es.zenit.org<\/a><\/p>\n","protected":false},"excerpt":{"rendered":"<p>(ZENIT- Ciudad del Vaticano, 6 Mar. 2017).- El papa Francisco rez\u00f3 este domingo el \u00e1ngelus desde su estudio que da a la plaza de San Pedro. All\u00ed le aguardaban miles de fieles y peregrinos, con quienes el Santo Padre presidi\u00f3 la oraci\u00f3n mariana. Despu\u00e9s de rezar el \u00e1ngelus, el Pont\u00edfice record\u00f3 que este pasado mi\u00e9rcoles &hellip; <a href=\"https:\/\/www.biblia.work\/noticias\/el-papa-en-el-angelus-hoy-iniciamos-un-retiro-recen-por-mi-y-por-mis-colaboradores-de-la-curia-romana\/\" class=\"more-link\">Continuar leyendo<span class=\"screen-reader-text\"> \u00abEl Papa en el \u00c1ngelus: Hoy iniciamos un retiro, recen por m\u00ed y por mis colaboradores de la Curia Romana\u201d\u00bb<\/span><\/a><\/p>\n","protected":false},"author":1,"featured_media":0,"comment_status":"open","ping_status":"closed","sticky":false,"template":"","format":"standard","meta":{"footnotes":""},"categories":[1],"tags":[],"class_list":["post-12457","post","type-post","status-publish","format-standard","hentry","category-general"],"_links":{"self":[{"href":"https:\/\/www.biblia.work\/noticias\/wp-json\/wp\/v2\/posts\/12457","targetHints":{"allow":["GET"]}}],"collection":[{"href":"https:\/\/www.biblia.work\/noticias\/wp-json\/wp\/v2\/posts"}],"about":[{"href":"https:\/\/www.biblia.work\/noticias\/wp-json\/wp\/v2\/types\/post"}],"author":[{"embeddable":true,"href":"https:\/\/www.biblia.work\/noticias\/wp-json\/wp\/v2\/users\/1"}],"replies":[{"embeddable":true,"href":"https:\/\/www.biblia.work\/noticias\/wp-json\/wp\/v2\/comments?post=12457"}],"version-history":[{"count":0,"href":"https:\/\/www.biblia.work\/noticias\/wp-json\/wp\/v2\/posts\/12457\/revisions"}],"wp:attachment":[{"href":"https:\/\/www.biblia.work\/noticias\/wp-json\/wp\/v2\/media?parent=12457"}],"wp:term":[{"taxonomy":"category","embeddable":true,"href":"https:\/\/www.biblia.work\/noticias\/wp-json\/wp\/v2\/categories?post=12457"},{"taxonomy":"post_tag","embeddable":true,"href":"https:\/\/www.biblia.work\/noticias\/wp-json\/wp\/v2\/tags?post=12457"}],"curies":[{"name":"wp","href":"https:\/\/api.w.org\/{rel}","templated":true}]}}