{"id":12460,"date":"2017-03-05T08:15:02","date_gmt":"2017-03-05T13:15:02","guid":{"rendered":"http:\/\/www.biblia.work\/noticias\/francisco-en-el-angelus-llevemos-la-biblia-con-nosotros-como-hacemos-con-nuestro-telefono-movil\/"},"modified":"2017-03-05T08:15:02","modified_gmt":"2017-03-05T13:15:02","slug":"francisco-en-el-angelus-llevemos-la-biblia-con-nosotros-como-hacemos-con-nuestro-telefono-movil","status":"publish","type":"post","link":"https:\/\/www.biblia.work\/noticias\/francisco-en-el-angelus-llevemos-la-biblia-con-nosotros-como-hacemos-con-nuestro-telefono-movil\/","title":{"rendered":"Francisco en el \u00c1ngelus: llevemos la Biblia con nosotros, como hacemos con nuestro tel\u00e9fono m\u00f3vil"},"content":{"rendered":"<p style=\"text-align: justify\">(ZENIT &#8211; Ciudad del Vaticano).- El santo padre durante sus palabras despu\u00e9s de rezar la oraci\u00f3n del \u00e1ngelus, este domingo ante la Plaza de San Pedro, invit\u00f3 en este tiempo de cuaresma a &#8220;seguir las huellas de Jes\u00fas&#8221; y &#8220;familiarizarse con la Biblia&#8221;.<\/p>\n<p style=\"text-align: justify\">\u201cDurante los cuarenta d\u00edas de la Cuaresma &#8211;dijo Francisco&#8211; como cristianos estamos invitados a seguir las huellas de Jes\u00fas y a hacer frente a la batalla espiritual contra el maligno con la fuerza de la Palabra de Dios. No con nuestra palabra: no sirve. La Palabra de Dios: aquella que tiene la fuerza para derrotar a Satan\u00e1s&#8221;.<\/p>\n<p style=\"text-align: justify\">A\u00f1adi\u00f3 que &#8220;para ello hay que familiarizarse con la Biblia: leerla menudo, meditarla, asimilarla. La Biblia contiene la Palabra de Dios, que siempre es actual y eficaz&#8221;.<\/p>\n<p style=\"text-align: justify\">Y el Santo Padre dio un ejemplo: &#8220;Alguien dijo: \u00bfqu\u00e9 pasar\u00eda si tratamos la Biblia como tratamos a nuestro tel\u00e9fono m\u00f3vil? Si la llev\u00e1ramos siempre con nosotros, o al menos el peque\u00f1o Evangelio de bolsillo, \u00bfqu\u00e9 suceder\u00eda? Si nos volvi\u00e9ramos cuando nos la olvidamos: t\u00fa te olvidas el tel\u00e9fono celular&#8230;&#8221;.<\/p>\n<p style=\"text-align: justify\">&#8220;&#8216;\u00a1Uy! \u00a1No lo tengo, vuelvo a buscarlo!&#8217;. Si la abri\u00e9ramos varias veces al d\u00eda; si ley\u00e9ramos los mensajes de Dios contenidos en la Biblia como leemos los mensajes del tel\u00e9fono&#8230; \u00bfqu\u00e9 suceder\u00eda?&#8221;<\/p>\n<p style=\"text-align: justify\">&#8220;Claramente &#8211;dijo el Pont\u00edfice&#8211; la comparaci\u00f3n es parad\u00f3jica, pero hace reflexionar. De hecho, si tuvi\u00e9ramos la Palabra de Dios siempre en el coraz\u00f3n, ninguna tentaci\u00f3n podr\u00eda alejarnos de Dios y ning\u00fan obst\u00e1culo podr\u00eda desviarnos del camino del bien; sabr\u00edamos vencer las sugerencias cotidianas del mal que est\u00e1 en nosotros y fuera de nosotros; ser\u00edamos m\u00e1s capaces de vivir una vida resucitada seg\u00fan el Esp\u00edritu, acogiendo y amando a nuestros hermanos, especialmente a los m\u00e1s vulnerables y necesitados, y tambi\u00e9n a nuestros enemigos\u201d.<\/p>\n<p style=\"text-align: justify\"><span style=\"color: #3366ff\"><a style=\"color: #3366ff\" href=\"https:\/\/es.zenit.org\/articles\/texto-completo-de-las-palabras-del-papa-francisco-en-el-angelus-del-5-de-marzo-de-2017\/\">(Leer el texto completo)<\/a><\/span><\/p>\n<p><span class=\"et_bloom_bottom_trigger\"><\/span><\/p>\n<p><a href=\"https:\/\/es.zenit.org\/\" target=\"_blank\" rel=\"nofollow\">Fuente: es.zenit.org<\/a><\/p>\n","protected":false},"excerpt":{"rendered":"<p>(ZENIT &#8211; Ciudad del Vaticano).- El santo padre durante sus palabras despu\u00e9s de rezar la oraci\u00f3n del \u00e1ngelus, este domingo ante la Plaza de San Pedro, invit\u00f3 en este tiempo de cuaresma a &#8220;seguir las huellas de Jes\u00fas&#8221; y &#8220;familiarizarse con la Biblia&#8221;. \u201cDurante los cuarenta d\u00edas de la Cuaresma &#8211;dijo Francisco&#8211; como cristianos estamos &hellip; <a href=\"https:\/\/www.biblia.work\/noticias\/francisco-en-el-angelus-llevemos-la-biblia-con-nosotros-como-hacemos-con-nuestro-telefono-movil\/\" class=\"more-link\">Continuar leyendo<span class=\"screen-reader-text\"> \u00abFrancisco en el \u00c1ngelus: llevemos la Biblia con nosotros, como hacemos con nuestro tel\u00e9fono m\u00f3vil\u00bb<\/span><\/a><\/p>\n","protected":false},"author":1,"featured_media":0,"comment_status":"open","ping_status":"closed","sticky":false,"template":"","format":"standard","meta":{"footnotes":""},"categories":[1],"tags":[],"class_list":["post-12460","post","type-post","status-publish","format-standard","hentry","category-general"],"_links":{"self":[{"href":"https:\/\/www.biblia.work\/noticias\/wp-json\/wp\/v2\/posts\/12460","targetHints":{"allow":["GET"]}}],"collection":[{"href":"https:\/\/www.biblia.work\/noticias\/wp-json\/wp\/v2\/posts"}],"about":[{"href":"https:\/\/www.biblia.work\/noticias\/wp-json\/wp\/v2\/types\/post"}],"author":[{"embeddable":true,"href":"https:\/\/www.biblia.work\/noticias\/wp-json\/wp\/v2\/users\/1"}],"replies":[{"embeddable":true,"href":"https:\/\/www.biblia.work\/noticias\/wp-json\/wp\/v2\/comments?post=12460"}],"version-history":[{"count":0,"href":"https:\/\/www.biblia.work\/noticias\/wp-json\/wp\/v2\/posts\/12460\/revisions"}],"wp:attachment":[{"href":"https:\/\/www.biblia.work\/noticias\/wp-json\/wp\/v2\/media?parent=12460"}],"wp:term":[{"taxonomy":"category","embeddable":true,"href":"https:\/\/www.biblia.work\/noticias\/wp-json\/wp\/v2\/categories?post=12460"},{"taxonomy":"post_tag","embeddable":true,"href":"https:\/\/www.biblia.work\/noticias\/wp-json\/wp\/v2\/tags?post=12460"}],"curies":[{"name":"wp","href":"https:\/\/api.w.org\/{rel}","templated":true}]}}