{"id":12467,"date":"2017-03-05T13:15:02","date_gmt":"2017-03-05T18:15:02","guid":{"rendered":"http:\/\/www.biblia.work\/noticias\/el-santo-padre-inicio-los-ejercicios-espirituales-de-cuaresma-junto-a-sus-colaboradores-cercanos\/"},"modified":"2017-03-05T13:15:02","modified_gmt":"2017-03-05T18:15:02","slug":"el-santo-padre-inicio-los-ejercicios-espirituales-de-cuaresma-junto-a-sus-colaboradores-cercanos","status":"publish","type":"post","link":"https:\/\/www.biblia.work\/noticias\/el-santo-padre-inicio-los-ejercicios-espirituales-de-cuaresma-junto-a-sus-colaboradores-cercanos\/","title":{"rendered":"El Santo Padre inici\u00f3 los ejercicios espirituales de cuaresma, junto a sus colaboradores cercanos"},"content":{"rendered":"<p style=\"text-align: justify\">(ZENIT- Roma, 5 Mar. 2017).- El santo padre Francisco y sus colaboradores m\u00e1s cercanos de la Curia Romana llegaron este domingo por la tarde en pullman a la casa de retiros de los paolinos, <em>Il Divin Maestro<\/em>, en la localidad de Ariccia, cercana a Roma, para los ejercicios espirituales de cuaresma.<\/p>\n<p style=\"text-align: justify\">Es la cuarta vez que lo hace, durar\u00e1 hasta el viernes 10 de marzo y en esta oportunidad predicar\u00e1 el sacerdote franciscano, Giulio Michelini, de 53 a\u00f1os de edad, sacerdote de los frailes menores.<\/p>\n<p style=\"text-align: justify\">Los ejercicios iniciaron con una adoraci\u00f3n eucar\u00edstica y la recitaci\u00f3n de las v\u00edsperas. Los d\u00edas sucesivos comenzar\u00e1n con la santa misa a las 7,30 de la ma\u00f1ana seguida a las 9,30 por una primera meditaci\u00f3n.<\/p>\n<p style=\"text-align: justify\">A las 16 ser\u00e1 la segunda meditaci\u00f3n a continuaci\u00f3n de la cual se realizar\u00e1 una adoraci\u00f3n eucar\u00edstica y las v\u00edsperas. En la jornada final, el viernes 10 est\u00e1 en programa una sola meditaci\u00f3n.<\/p>\n<p style=\"text-align: justify\">La confesi\u00f3n de Pedro y el camino de Jes\u00fas hacia Jerusal\u00e9n es el tema que abre hoy la reflexi\u00f3n y que ser\u00e1 la introducci\u00f3n del ciclo de ejercicios. Le siguen la oraci\u00f3n en el Huerto de los Olivos, el arresto de Jes\u00fas y el inicio de la pasi\u00f3n; el pan y el cuerpo, el vino y la sangre de Jes\u00fas; la oraci\u00f3n den Getsemani y el arresto de Jes\u00fas; Judas y el campo de la sangre; el proceso romano, la mujer de Pilatos y los sue\u00f1os de Dios; la muerte del Mes\u00edas; la sepultura y el s\u00e1bado de Jes\u00fas; la tumba vac\u00eda y a resurrecci\u00f3n.<\/p>\n<p style=\"text-align: justify\">En el per\u00edodo de retiro, como de costumbre se suspenden las audiencias privadas y especiales, incluida la audiencia general de los mi\u00e9rcoles.<\/p>\n<p style=\"text-align: justify\">Leer tambi\u00e9n:<\/p>\n<h5 class=\"entry-title\"><a target=\"_blank\" rel=\"nofollow\" href=\"https:\/\/es.zenit.org\/articles\/fray-michelini-en-los-ejercicios-de-cuaresma-le-hablare-al-papa-de-la-humanidad-de-jesus\/\">Fray Michelini: le hablar\u00e9 al Papa durante los Ejercicios de cuaresma, de la humanidad de Jes\u00fas<\/a><\/h5>\n<p><span class=\"et_bloom_bottom_trigger\"><\/span><\/p>\n<p><a href=\"https:\/\/es.zenit.org\/\" target=\"_blank\" rel=\"nofollow\">Fuente: es.zenit.org<\/a><\/p>\n","protected":false},"excerpt":{"rendered":"<p>(ZENIT- Roma, 5 Mar. 2017).- El santo padre Francisco y sus colaboradores m\u00e1s cercanos de la Curia Romana llegaron este domingo por la tarde en pullman a la casa de retiros de los paolinos, Il Divin Maestro, en la localidad de Ariccia, cercana a Roma, para los ejercicios espirituales de cuaresma. Es la cuarta vez &hellip; <a href=\"https:\/\/www.biblia.work\/noticias\/el-santo-padre-inicio-los-ejercicios-espirituales-de-cuaresma-junto-a-sus-colaboradores-cercanos\/\" class=\"more-link\">Continuar leyendo<span class=\"screen-reader-text\"> \u00abEl Santo Padre inici\u00f3 los ejercicios espirituales de cuaresma, junto a sus colaboradores cercanos\u00bb<\/span><\/a><\/p>\n","protected":false},"author":1,"featured_media":0,"comment_status":"open","ping_status":"closed","sticky":false,"template":"","format":"standard","meta":{"footnotes":""},"categories":[1],"tags":[],"class_list":["post-12467","post","type-post","status-publish","format-standard","hentry","category-general"],"_links":{"self":[{"href":"https:\/\/www.biblia.work\/noticias\/wp-json\/wp\/v2\/posts\/12467","targetHints":{"allow":["GET"]}}],"collection":[{"href":"https:\/\/www.biblia.work\/noticias\/wp-json\/wp\/v2\/posts"}],"about":[{"href":"https:\/\/www.biblia.work\/noticias\/wp-json\/wp\/v2\/types\/post"}],"author":[{"embeddable":true,"href":"https:\/\/www.biblia.work\/noticias\/wp-json\/wp\/v2\/users\/1"}],"replies":[{"embeddable":true,"href":"https:\/\/www.biblia.work\/noticias\/wp-json\/wp\/v2\/comments?post=12467"}],"version-history":[{"count":0,"href":"https:\/\/www.biblia.work\/noticias\/wp-json\/wp\/v2\/posts\/12467\/revisions"}],"wp:attachment":[{"href":"https:\/\/www.biblia.work\/noticias\/wp-json\/wp\/v2\/media?parent=12467"}],"wp:term":[{"taxonomy":"category","embeddable":true,"href":"https:\/\/www.biblia.work\/noticias\/wp-json\/wp\/v2\/categories?post=12467"},{"taxonomy":"post_tag","embeddable":true,"href":"https:\/\/www.biblia.work\/noticias\/wp-json\/wp\/v2\/tags?post=12467"}],"curies":[{"name":"wp","href":"https:\/\/api.w.org\/{rel}","templated":true}]}}