{"id":12473,"date":"2017-03-06T07:15:02","date_gmt":"2017-03-06T12:15:02","guid":{"rendered":"http:\/\/www.biblia.work\/noticias\/mons-eid-la-invitacion-del-papa-a-la-convivencia-es-mas-fuerte-en-el-este-que-en-los-paises-arabes\/"},"modified":"2017-03-06T07:15:02","modified_gmt":"2017-03-06T12:15:02","slug":"mons-eid-la-invitacion-del-papa-a-la-convivencia-es-mas-fuerte-en-el-este-que-en-los-paises-arabes","status":"publish","type":"post","link":"https:\/\/www.biblia.work\/noticias\/mons-eid-la-invitacion-del-papa-a-la-convivencia-es-mas-fuerte-en-el-este-que-en-los-paises-arabes\/","title":{"rendered":"Mons. Eid: la invitaci\u00f3n del Papa a la convivencia es m\u00e1s fuerte en el Este que en los pa\u00edses \u00e1rabes"},"content":{"rendered":"<p style=\"text-align: justify\">(ZENIT- Roma, 6 Mar. 2017).-El mensaje que el papa Francisco ha dado en sus viajes apost\u00f3licos en los pa\u00edses donde conviven ortodoxos, cat\u00f3licos y musulmanes es fuerte, m\u00e1s en los del Este, menos en los pa\u00edses de Oriente Medio, aunque no se debe perder la esperanza.<\/p>\n<p style=\"text-align: justify\">Lo indic\u00f3 el procurador del Patriarcado maronita en Roma, Fran\u00e7oise Eid, en un desayuno de trabajo organizado este lunes en esta ciudad\u00a0por el Centro Estudios Medio Orientales (CEMO), en el que expuso adem\u00e1s del obispo, el director del Institute For Global Studies, Nicola Pedde.\u00a0El CEMO\u00a0es parte de la espa\u00f1ola <span style=\"color: #3366ff\"><a style=\"color: #3366ff\" href=\"http:\/\/(http:\/\/www.fundacionfpsc.org)\">Fundaci\u00f3n Promoci\u00f3n Social de la Cultura<\/a><\/span>.<\/p>\n<p style=\"text-align: justify\">El obispo maronita interrogado por ZENIT sobre el mensaje del Papa en estos pa\u00edses donde conviven cristianos y musulmanes, se\u00f1al\u00f3 que es necesario distinguir entre los pa\u00edses del Este europeo y los de Oriente Medio, desde el punto de vista de mentalidad y cultura.<\/p>\n<p style=\"text-align: justify\">\u201cEn los pa\u00edses \u00e1rabes son m\u00e1s &#8216;mono cultura&#8217;, no hablan otro idioma que el \u00e1rabe, y vale para la religi\u00f3n, la geograf\u00eda y la historia. En cambio en el L\u00edbano ya es diverso, porque en el siglo XVI ya hablaban en sus colegios cinco idiomas diversos\u201d dijo.<\/p>\n<p style=\"text-align: justify\">Otra situaci\u00f3n se registra \u201cen Europa del Este donde conviven las tres comunidades, cat\u00f3lica, ortodoxa y musulmana, y cuando el Papa va a estos pa\u00edses, les dice\u00a0a todos que somos hijos de un solo Dios, que somos hermanos y que podemos convivir juntos y en paz&#8221;. O sea que &#8220;podemos ser diferentes pero esta diversidad podr\u00eda ser una riqueza para nosotros. Desde todos los puntos de vista\u201d.<\/p>\n<p style=\"text-align: justify\">&#8220;El L\u00edbano est\u00e1 buscando de seguir este mensaje del Papa, con la cultura, participaci\u00f3n, educaci\u00f3n, con la convivencia, el di\u00e1logo cotidiano&#8221;, dijo.<\/p>\n<p style=\"text-align: justify\">Sobre la reciente declaraci\u00f3n de Al Azhar, en la que se afirma que la religi\u00f3n no puede ser instrumentalizada para la violencia, Mons. Eid se\u00f1al\u00f3: \u201cRespeto las buenas intenciones, pero es necesario que Al Azhar cambie por ejemplo algunos textos de sus libros que son cien por ciento anticristianos, y lo s\u00e9 en cuanto obispo que estuvo all\u00ed. Entretanto espero que puedan ser un inicio, vivo en la esperanza\u201d. Consider\u00f3 adem\u00e1s que es muy importante el trabajo del patriarca de los maronitas en en L\u00edbano, B\u00e9chara Boutros Rai para mantener la unidad nacional.<\/p>\n<p style=\"text-align: justify\">Durante su exposici\u00f3n en el encuentro, indic\u00f3 que \u201clas declaraciones del presidente Ronald Trump sobre la no necesidad de la pol\u00edtica de &#8216;dos pueblos, dos Estados&#8217; ha complicado a\u00fan m\u00e1s la situaci\u00f3n de Oriente Medio\u201d.<\/p>\n<p style=\"text-align: justify\">Tras explicar la polarizaci\u00f3n en Oriente Medio, entre chiitas apoyados por Ir\u00e1n y sunitas por Arabia Saudita, indic\u00f3 que el conflicto \u201cse traduce en atentados sangrientos en toda la regi\u00f3n\u201d, mientras que \u201cen Siria hay una guerra con diversos grupos de fundamentalistas y mercenarios, que tienen apoyo de diversos Estados\u201d.<\/p>\n<p style=\"text-align: justify\">Subray\u00f3 que en su pa\u00eds, el L\u00edbano hay de acuerdo a la Constituci\u00f3n, igualdad entre cristianos y musulmanes y separa Iglesia de Estado. Pero que \u201clos cristianos libaneses viven un per\u00edodo muy critico. En particular los j\u00f3venes que emigran y no vuelven\u201d. Indic\u00f3 que los pr\u00f3fugos sirios son 1,8 millones, con 500 mil palestinos refugiados en el pa\u00eds, lo que constituye pr\u00e1cticamente el 50 por ciento de la poblaci\u00f3n.<\/p>\n<p style=\"text-align: justify\">Con 1.800 campos de refugiados en los que falta todo y peor a\u00fan, algunos dirigidos por isl\u00e1micos radicales. Se suma a todo esto una desocupaci\u00f3n 28 por ciento.<\/p>\n<p style=\"text-align: justify\">Una situaci\u00f3n, dijo que \u201camenaza la cultura de convivialidad pac\u00edfica forjada en los siglos\u201d. A\u00f1adi\u00f3 que los cristianos viven en el temor, y se\u00f1al\u00f3 que la labor del Ej\u00e9rcito liban\u00e9s es important\u00edsima, a pesar de que tienen armamento muy antiguo. Esto sumado a la ingerencia de pa\u00edses vecinos, est\u00e1 corroyendo la identidad del pa\u00eds.<\/p>\n<p style=\"text-align: justify\">Se\u00f1al\u00f3 adem\u00e1s que demasiados millones de personas viven en la regi\u00f3n Medioriental por debajo del nivel de pobreza, y que es necesario mejorar la instrucci\u00f3n y la nutrici\u00f3n, si no, concluy\u00f3, habr\u00e1 siempre guerras. Consider\u00f3 tambi\u00e9n que Turqu\u00eda es el pa\u00eds que mejores cartas tiene para mediar entre chiitas y sunitas.<\/p>\n<p style=\"text-align: justify\">Leer tambi\u00e9n:<\/p>\n<h5 class=\"r\"><span style=\"color: #3366ff\"><a style=\"color: #3366ff\" href=\"https:\/\/es.zenit.org\/articles\/firman-en-el-cairo-la-declaracion-de-convivencia-reciproca-islamico-cristiana\/\">Firman en El Cairo la \u201cDeclaraci\u00f3n de convivencia rec\u00edproca isl\u00e1mico &#8230;<\/a><\/span><\/h5>\n<p style=\"text-align: justify\"><span style=\"color: #3366ff\"><a style=\"color: #3366ff\" href=\"https:\/\/www.google.it\/webhp?sourceid=chrome-instant&amp;ion=1&amp;espv=2&amp;ie=UTF-8#q=Al+azhar+site:es.zenit.org\/&amp;*\">(Leer m\u00e1s sobre el tema)<\/a><\/span><\/p>\n<p><span class=\"et_bloom_bottom_trigger\"><\/span><\/p>\n<p><a href=\"https:\/\/es.zenit.org\/\" target=\"_blank\" rel=\"nofollow\">Fuente: es.zenit.org<\/a><\/p>\n","protected":false},"excerpt":{"rendered":"<p>(ZENIT- Roma, 6 Mar. 2017).-El mensaje que el papa Francisco ha dado en sus viajes apost\u00f3licos en los pa\u00edses donde conviven ortodoxos, cat\u00f3licos y musulmanes es fuerte, m\u00e1s en los del Este, menos en los pa\u00edses de Oriente Medio, aunque no se debe perder la esperanza. Lo indic\u00f3 el procurador del Patriarcado maronita en Roma, &hellip; <a href=\"https:\/\/www.biblia.work\/noticias\/mons-eid-la-invitacion-del-papa-a-la-convivencia-es-mas-fuerte-en-el-este-que-en-los-paises-arabes\/\" class=\"more-link\">Continuar leyendo<span class=\"screen-reader-text\"> \u00abMons. Eid: la invitaci\u00f3n del Papa a la convivencia es m\u00e1s fuerte en el Este que en los pa\u00edses \u00e1rabes\u00bb<\/span><\/a><\/p>\n","protected":false},"author":1,"featured_media":0,"comment_status":"open","ping_status":"closed","sticky":false,"template":"","format":"standard","meta":{"footnotes":""},"categories":[1],"tags":[],"class_list":["post-12473","post","type-post","status-publish","format-standard","hentry","category-general"],"_links":{"self":[{"href":"https:\/\/www.biblia.work\/noticias\/wp-json\/wp\/v2\/posts\/12473","targetHints":{"allow":["GET"]}}],"collection":[{"href":"https:\/\/www.biblia.work\/noticias\/wp-json\/wp\/v2\/posts"}],"about":[{"href":"https:\/\/www.biblia.work\/noticias\/wp-json\/wp\/v2\/types\/post"}],"author":[{"embeddable":true,"href":"https:\/\/www.biblia.work\/noticias\/wp-json\/wp\/v2\/users\/1"}],"replies":[{"embeddable":true,"href":"https:\/\/www.biblia.work\/noticias\/wp-json\/wp\/v2\/comments?post=12473"}],"version-history":[{"count":0,"href":"https:\/\/www.biblia.work\/noticias\/wp-json\/wp\/v2\/posts\/12473\/revisions"}],"wp:attachment":[{"href":"https:\/\/www.biblia.work\/noticias\/wp-json\/wp\/v2\/media?parent=12473"}],"wp:term":[{"taxonomy":"category","embeddable":true,"href":"https:\/\/www.biblia.work\/noticias\/wp-json\/wp\/v2\/categories?post=12473"},{"taxonomy":"post_tag","embeddable":true,"href":"https:\/\/www.biblia.work\/noticias\/wp-json\/wp\/v2\/tags?post=12473"}],"curies":[{"name":"wp","href":"https:\/\/api.w.org\/{rel}","templated":true}]}}