{"id":12476,"date":"2017-03-06T10:15:02","date_gmt":"2017-03-06T15:15:02","guid":{"rendered":"http:\/\/www.biblia.work\/noticias\/ucrania-los-primeros-fondos-del-papa-van-a-los-ninos-y-familias\/"},"modified":"2017-03-06T10:15:02","modified_gmt":"2017-03-06T15:15:02","slug":"ucrania-los-primeros-fondos-del-papa-van-a-los-ninos-y-familias","status":"publish","type":"post","link":"https:\/\/www.biblia.work\/noticias\/ucrania-los-primeros-fondos-del-papa-van-a-los-ninos-y-familias\/","title":{"rendered":"Ucrania: los primeros fondos del Papa van a los ni\u00f1os y familias"},"content":{"rendered":"<p style=\"text-align: justify\">(ZENIT- Roma, Mar. 2017).- Las primeras sumas de dinero de la colecta iniciada por el papa Francisco para las poblaciones de Ucrania oriental, fueron entregadas. Ellas permitir\u00e1n el abastecimiento de alimentos y de g\u00e9neros de primera necesidad as\u00ed como medicamentos para los ni\u00f1os y familias desplazadas.<\/p>\n<p style=\"text-align: justify\">Lo anunci\u00f3 el mes de febrero del presente a\u00f1o, un comunicado del comit\u00e9 encargado de repartir los fondos, un programa de ayuda humanitaria para los ni\u00f1os y propuesto por el banco intermediario regional de \u201cSOS Ciudad de los Ni\u00f1os\u201d en Louhansk, que entrega las ayudas b\u00e1sicas, como alimentos, ropa, zapatos, medicamentos y vitaminas. Unos mil ni\u00f1os de 0 a 3 a\u00f1os fueron seleccionados para beneficiarse de esta ayuda, adem\u00e1s de unos 500 ni\u00f1os de 3 a 7 a\u00f1os.<\/p>\n<p style=\"text-align: justify\">Otra iniciativa que se realiz\u00f3 durante todo el mes de febrero, gracias a las donaciones que llegaron desde Europa despu\u00e9s del llamamiento del Papa, ha sido el centro m\u00e9dico de la C\u00e1ritas-Spes-Zaporizhia, que tom\u00f3 a su cargo unas 800 personas desplazadas, d\u00e1ndoles atenci\u00f3n m\u00e9dica y medicamentos, cunas y alimento para reci\u00e9n nacidos.<\/p>\n<p style=\"text-align: justify\">La mayor\u00eda de los beneficiarios han sido personas que sufren enfermedades cardiovasculares o gastrointestinales, diab\u00e9ticos, personas con patolog\u00edas del sistema nerviosos, y familias con ni\u00f1os discapacitados, precisa la nota.<\/p>\n<p style=\"text-align: justify\">Olga Vereshchaka, cardi\u00f3loga y responsable del centro, subray\u00f3 la necesidad de apoyo psicol\u00f3gico para los ucranianos desplazados: \u201cCon frecuencia las personas necesitan hablar y escuchar palabras de apoyo y de esperanza\u201d, dijo. Ella considera que el centro \u201ccompensa la falta de comunicaci\u00f3n para las personas que han sufrido experiencias traum\u00e1ticas de guerra, o fueron forzados a huir de sus casas\u201d adem\u00e1s de quienes \u201cvieron apersonas que fueron heridas o asesinadas delante de ellas\u201d.<\/p>\n<p style=\"text-align: justify\">La colecta que en abril de 2016 solicit\u00f3 el papa Francisco a las parroquias de Europa, fue para\u00a0afrontar la crisis humanitaria en Ucrania, en las regiones golpeadas por el conflicto. La misma permiti\u00f3 recolectar 12 millones de euros. Se estima que los dos a\u00f1os de conflicto produjeron la muerte de unas 10.000 personas y 22 mil heridos. Adem\u00e1s ha causado unos dos millones de refugiados.<\/p>\n<p><span class=\"et_bloom_bottom_trigger\"><\/span><\/p>\n<p><a href=\"https:\/\/es.zenit.org\/\" target=\"_blank\" rel=\"nofollow\">Fuente: es.zenit.org<\/a><\/p>\n","protected":false},"excerpt":{"rendered":"<p>(ZENIT- Roma, Mar. 2017).- Las primeras sumas de dinero de la colecta iniciada por el papa Francisco para las poblaciones de Ucrania oriental, fueron entregadas. Ellas permitir\u00e1n el abastecimiento de alimentos y de g\u00e9neros de primera necesidad as\u00ed como medicamentos para los ni\u00f1os y familias desplazadas. Lo anunci\u00f3 el mes de febrero del presente a\u00f1o, &hellip; <a href=\"https:\/\/www.biblia.work\/noticias\/ucrania-los-primeros-fondos-del-papa-van-a-los-ninos-y-familias\/\" class=\"more-link\">Continuar leyendo<span class=\"screen-reader-text\"> \u00abUcrania: los primeros fondos del Papa van a los ni\u00f1os y familias\u00bb<\/span><\/a><\/p>\n","protected":false},"author":1,"featured_media":0,"comment_status":"open","ping_status":"closed","sticky":false,"template":"","format":"standard","meta":{"footnotes":""},"categories":[1],"tags":[],"class_list":["post-12476","post","type-post","status-publish","format-standard","hentry","category-general"],"_links":{"self":[{"href":"https:\/\/www.biblia.work\/noticias\/wp-json\/wp\/v2\/posts\/12476","targetHints":{"allow":["GET"]}}],"collection":[{"href":"https:\/\/www.biblia.work\/noticias\/wp-json\/wp\/v2\/posts"}],"about":[{"href":"https:\/\/www.biblia.work\/noticias\/wp-json\/wp\/v2\/types\/post"}],"author":[{"embeddable":true,"href":"https:\/\/www.biblia.work\/noticias\/wp-json\/wp\/v2\/users\/1"}],"replies":[{"embeddable":true,"href":"https:\/\/www.biblia.work\/noticias\/wp-json\/wp\/v2\/comments?post=12476"}],"version-history":[{"count":0,"href":"https:\/\/www.biblia.work\/noticias\/wp-json\/wp\/v2\/posts\/12476\/revisions"}],"wp:attachment":[{"href":"https:\/\/www.biblia.work\/noticias\/wp-json\/wp\/v2\/media?parent=12476"}],"wp:term":[{"taxonomy":"category","embeddable":true,"href":"https:\/\/www.biblia.work\/noticias\/wp-json\/wp\/v2\/categories?post=12476"},{"taxonomy":"post_tag","embeddable":true,"href":"https:\/\/www.biblia.work\/noticias\/wp-json\/wp\/v2\/tags?post=12476"}],"curies":[{"name":"wp","href":"https:\/\/api.w.org\/{rel}","templated":true}]}}