{"id":12478,"date":"2017-03-06T11:15:02","date_gmt":"2017-03-06T16:15:02","guid":{"rendered":"http:\/\/www.biblia.work\/noticias\/meditaciones-de-cuaresma-ante-el-papa-escucho-la-voz-del-senor-que-habla-con-humildad\/"},"modified":"2017-03-06T11:15:02","modified_gmt":"2017-03-06T16:15:02","slug":"meditaciones-de-cuaresma-ante-el-papa-escucho-la-voz-del-senor-que-habla-con-humildad","status":"publish","type":"post","link":"https:\/\/www.biblia.work\/noticias\/meditaciones-de-cuaresma-ante-el-papa-escucho-la-voz-del-senor-que-habla-con-humildad\/","title":{"rendered":"Meditaciones de cuaresma ante el Papa: \u2018\u00bfEscucho la voz del Se\u00f1or, que habla con humildad?\u2019"},"content":{"rendered":"<p style=\"text-align: justify\">(ZENIT- Roma, 6 Mar. 2017).- La primera meditaci\u00f3n de los ejercicios espirituales predicados por el padre Giulio Michelini ante el papa Francisco y sus colaboradores cercanos de la Curia romana, se realiz\u00f3 este lunes por la ma\u00f1ana.<\/p>\n<p style=\"text-align: justify\">Ayer domingo por la tarde en cambio, fue la introducci\u00f3n a los Ejercicios, los cuales durar\u00e1n hasta el viernes por la ma\u00f1an y que\u00a0incluyen dos meditaciones cotidianas.<\/p>\n<p style=\"text-align: justify\">Lo inform\u00f3 la Radio Vaticano, precisando que en su predicaci\u00f3n,\u00a0el sacerdote franciscano invit\u00f3 a las 74 personas presentes a plantearse algunos interrogantes sobre la propia vida espiritual.<\/p>\n<p style=\"text-align: justify\">Entre las cuales: \u201c\u00bfEscucho la voz del Se\u00f1or, que habla de manera humilde, o pongo mis intereses personales antes del Reino de Dios? Jes\u00fas tomaba sus decisiones en la oraci\u00f3n, no a trav\u00e9s de sue\u00f1os o magos, como en cambio hac\u00eda Alejandro Magno, de acuerdo a la narraci\u00f3n de Plutarco, dijo.<\/p>\n<p style=\"text-align: justify\">As\u00ed el padre Michelini exhort\u00f3 a los presentes a preguntarse c\u00f3mo ellos toman las decisiones importantes de la propia vida:\u00bfCon qu\u00e9 criterio discierno? \u00bfEscucho la palabra de Dios que habla de manera humilde?<\/p>\n<p style=\"text-align: justify\">Jes\u00fas revela poco a poco su vocaci\u00f3n y en su vida deja mucho espacio a los encuentros. Adem\u00e1s en la tradici\u00f3n jud\u00eda, con el final de la gran profec\u00eda, se consideraba que Dios segu\u00eda hablando de manera humilde: a trav\u00e9s de los ni\u00f1os o de los locos. O con una comunicaci\u00f3n similar al susurro de un viento suave como le sucedi\u00f3 a El\u00edas en el monte Oreb.<\/p>\n<p style=\"text-align: justify\">Apoy\u00e1ndose en esto el padre Michelini hace otro llamado a la reflexi\u00f3n: \u201c\u00bfTengo la humildad de escuchar a Pedro? \u00bfTenemos la humildad de escucharnos los unos a los otros, evitando los prejuicios que tenemos, y con atenci\u00f3n para recoger lo que Dios quiere decirnos a pesar de mis cierres? \u00bfEscucho la voz de los otros, quiz\u00e1s d\u00e9bil, o escucho solamente mi voz?<\/p>\n<p style=\"text-align: justify\">Entre las muchas reflexiones del fraile menor, tambi\u00e9n la de Hanna Arendt que indicaba la banalidad del mal, refiri\u00e9ndose a como los jerarcas nazis hablaban de las atrocidades cumplidas por ellos, paragonando esto \u00a0a la brutalidad con la que se realiz\u00f3 el asesinato de Juan el Bautista por pedido de Herod\u00edas.<\/p>\n<p style=\"text-align: justify\">La \u00faltima reflexi\u00f3n fue: \u201c\u00bfMe pregunto si tengo el coraje de ir hasta el fondo para seguir a Jesucristo, tomando en cuenta que esto significa cargar la cruz como \u00e9l ha dicho, anunciando la resurrecci\u00f3n, la alegr\u00eda, pero tambi\u00e9n la prueba?: Si alguien quiere venir detr\u00e1s de mi, reniegue a s\u00ed mismo, toma su cruz y me siga\u201d.<\/p>\n<p><span class=\"et_bloom_bottom_trigger\"><\/span><\/p>\n<p><a href=\"https:\/\/es.zenit.org\/\" target=\"_blank\" rel=\"nofollow\">Fuente: es.zenit.org<\/a><\/p>\n","protected":false},"excerpt":{"rendered":"<p>(ZENIT- Roma, 6 Mar. 2017).- La primera meditaci\u00f3n de los ejercicios espirituales predicados por el padre Giulio Michelini ante el papa Francisco y sus colaboradores cercanos de la Curia romana, se realiz\u00f3 este lunes por la ma\u00f1ana. Ayer domingo por la tarde en cambio, fue la introducci\u00f3n a los Ejercicios, los cuales durar\u00e1n hasta el &hellip; <a href=\"https:\/\/www.biblia.work\/noticias\/meditaciones-de-cuaresma-ante-el-papa-escucho-la-voz-del-senor-que-habla-con-humildad\/\" class=\"more-link\">Continuar leyendo<span class=\"screen-reader-text\"> \u00abMeditaciones de cuaresma ante el Papa: \u2018\u00bfEscucho la voz del Se\u00f1or, que habla con humildad?\u2019\u00bb<\/span><\/a><\/p>\n","protected":false},"author":1,"featured_media":0,"comment_status":"open","ping_status":"closed","sticky":false,"template":"","format":"standard","meta":{"footnotes":""},"categories":[1],"tags":[],"class_list":["post-12478","post","type-post","status-publish","format-standard","hentry","category-general"],"_links":{"self":[{"href":"https:\/\/www.biblia.work\/noticias\/wp-json\/wp\/v2\/posts\/12478","targetHints":{"allow":["GET"]}}],"collection":[{"href":"https:\/\/www.biblia.work\/noticias\/wp-json\/wp\/v2\/posts"}],"about":[{"href":"https:\/\/www.biblia.work\/noticias\/wp-json\/wp\/v2\/types\/post"}],"author":[{"embeddable":true,"href":"https:\/\/www.biblia.work\/noticias\/wp-json\/wp\/v2\/users\/1"}],"replies":[{"embeddable":true,"href":"https:\/\/www.biblia.work\/noticias\/wp-json\/wp\/v2\/comments?post=12478"}],"version-history":[{"count":0,"href":"https:\/\/www.biblia.work\/noticias\/wp-json\/wp\/v2\/posts\/12478\/revisions"}],"wp:attachment":[{"href":"https:\/\/www.biblia.work\/noticias\/wp-json\/wp\/v2\/media?parent=12478"}],"wp:term":[{"taxonomy":"category","embeddable":true,"href":"https:\/\/www.biblia.work\/noticias\/wp-json\/wp\/v2\/categories?post=12478"},{"taxonomy":"post_tag","embeddable":true,"href":"https:\/\/www.biblia.work\/noticias\/wp-json\/wp\/v2\/tags?post=12478"}],"curies":[{"name":"wp","href":"https:\/\/api.w.org\/{rel}","templated":true}]}}