{"id":12482,"date":"2017-03-06T13:15:02","date_gmt":"2017-03-06T18:15:02","guid":{"rendered":"http:\/\/www.biblia.work\/noticias\/por-primera-vez-un-papa-visitara-la-carcel-de-san-vittorio-en-milan\/"},"modified":"2017-03-06T13:15:02","modified_gmt":"2017-03-06T18:15:02","slug":"por-primera-vez-un-papa-visitara-la-carcel-de-san-vittorio-en-milan","status":"publish","type":"post","link":"https:\/\/www.biblia.work\/noticias\/por-primera-vez-un-papa-visitara-la-carcel-de-san-vittorio-en-milan\/","title":{"rendered":"Por primera vez un Papa visitar\u00e1 la c\u00e1rcel de San Vittorio, en Mil\u00e1n"},"content":{"rendered":"<p style=\"text-align: justify\">(ZENIT- Roma, 6 Mar. 2017).- Durante el viaje apost\u00f3lico que har\u00e1 el santo padre Francisco a la ciudad de Mil\u00e1n, el pr\u00f3ximo 25 de marzo, por primera vez un pont\u00edfice visitar\u00e1 la c\u00e1rcel de San Vittorio. Entretanto el Santo Padre pidi\u00f3 que no sea una visita formal sino un cara a cara con el mayor n\u00famero de presos posibles, evitando hacer muchos discursos.<\/p>\n<p style=\"text-align: justify\">En el patio central el Pont\u00edfice tendr\u00e1 un encuentro con unos cien detenidos y otros tantos ver\u00e1 en el almuerzo que concluir\u00e1 la visita.<\/p>\n<p style=\"text-align: justify\">Los detenidos le escribieron varias cartas al Papa. Alfredo le pide al Santo Padre un milagro: perdonar todos sus errores y todo el mal que hizo, para poder recomenzar todo. Mustaf\u00e1, que es musulm\u00e1n le agradece al Papa porque le recibe sin distinciones de religi\u00f3n, y pide de darles la fe que les ayude a salir de las dependencias que les destruyen.<\/p>\n<p style=\"text-align: justify\">Otro, Ivan, le dice \u201chonestamente no soy muy creyente\u201d, pero le pide una oraci\u00f3n por su familia y para dar a su prisi\u00f3n \u201cun sentido y un poco de paz y de serenidad\u201d.<\/p>\n<p style=\"text-align: justify\">La directora de la penitenciar\u00eda precis\u00f3 que \u201cel Papa viene a ver a los detenidos, pero tambi\u00e9n aquellos que trabajan con dedicaci\u00f3n en el instituto penitenciario. Dejaremos que las personas encuentren a Francisco si un filtro de la organizaci\u00f3n, para que pueda ser un encuentro de almas\u201d.<\/p>\n<p style=\"text-align: justify\">El capell\u00e1n, padre Marco Recalcati pidi\u00f3 que en la medida de lo posible, \u201caunque sea detr\u00e1s de las rejas, todos puedan o\u00edr las palabras del Papa y verlo\u201d.<\/p>\n<p><span class=\"et_bloom_bottom_trigger\"><\/span><\/p>\n<p><a href=\"https:\/\/es.zenit.org\/\" target=\"_blank\" rel=\"nofollow\">Fuente: es.zenit.org<\/a><\/p>\n","protected":false},"excerpt":{"rendered":"<p>(ZENIT- Roma, 6 Mar. 2017).- Durante el viaje apost\u00f3lico que har\u00e1 el santo padre Francisco a la ciudad de Mil\u00e1n, el pr\u00f3ximo 25 de marzo, por primera vez un pont\u00edfice visitar\u00e1 la c\u00e1rcel de San Vittorio. Entretanto el Santo Padre pidi\u00f3 que no sea una visita formal sino un cara a cara con el mayor &hellip; <a href=\"https:\/\/www.biblia.work\/noticias\/por-primera-vez-un-papa-visitara-la-carcel-de-san-vittorio-en-milan\/\" class=\"more-link\">Continuar leyendo<span class=\"screen-reader-text\"> \u00abPor primera vez un Papa visitar\u00e1 la c\u00e1rcel de San Vittorio, en Mil\u00e1n\u00bb<\/span><\/a><\/p>\n","protected":false},"author":1,"featured_media":0,"comment_status":"open","ping_status":"closed","sticky":false,"template":"","format":"standard","meta":{"footnotes":""},"categories":[1],"tags":[],"class_list":["post-12482","post","type-post","status-publish","format-standard","hentry","category-general"],"_links":{"self":[{"href":"https:\/\/www.biblia.work\/noticias\/wp-json\/wp\/v2\/posts\/12482","targetHints":{"allow":["GET"]}}],"collection":[{"href":"https:\/\/www.biblia.work\/noticias\/wp-json\/wp\/v2\/posts"}],"about":[{"href":"https:\/\/www.biblia.work\/noticias\/wp-json\/wp\/v2\/types\/post"}],"author":[{"embeddable":true,"href":"https:\/\/www.biblia.work\/noticias\/wp-json\/wp\/v2\/users\/1"}],"replies":[{"embeddable":true,"href":"https:\/\/www.biblia.work\/noticias\/wp-json\/wp\/v2\/comments?post=12482"}],"version-history":[{"count":0,"href":"https:\/\/www.biblia.work\/noticias\/wp-json\/wp\/v2\/posts\/12482\/revisions"}],"wp:attachment":[{"href":"https:\/\/www.biblia.work\/noticias\/wp-json\/wp\/v2\/media?parent=12482"}],"wp:term":[{"taxonomy":"category","embeddable":true,"href":"https:\/\/www.biblia.work\/noticias\/wp-json\/wp\/v2\/categories?post=12482"},{"taxonomy":"post_tag","embeddable":true,"href":"https:\/\/www.biblia.work\/noticias\/wp-json\/wp\/v2\/tags?post=12482"}],"curies":[{"name":"wp","href":"https:\/\/api.w.org\/{rel}","templated":true}]}}