{"id":12495,"date":"2017-03-06T21:05:03","date_gmt":"2017-03-07T02:05:03","guid":{"rendered":"http:\/\/www.biblia.work\/noticias\/arzobispo-pide-a-politicos-no-utilizar-la-jmj-panama-2019-para-fines-electorales\/"},"modified":"2017-03-06T21:05:03","modified_gmt":"2017-03-07T02:05:03","slug":"arzobispo-pide-a-politicos-no-utilizar-la-jmj-panama-2019-para-fines-electorales","status":"publish","type":"post","link":"https:\/\/www.biblia.work\/noticias\/arzobispo-pide-a-politicos-no-utilizar-la-jmj-panama-2019-para-fines-electorales\/","title":{"rendered":"Arzobispo pide a pol\u00edticos no utilizar la JMJ Panam\u00e1 2019 para fines electorales"},"content":{"rendered":"<p> CIUDAD DE PANAM\u00c1, 06 Mar. 17 (ACI).-<br \/>\n\tEn la homil&iacute;a por el primer Domingo de Cuaresma, el Arzobispo de Panam&aacute;, Mons. Jos&eacute; Domingo Ulloa, inst&oacute; a los pol&iacute;ticos a no utilizar la Jornada Mundial de la Juventud (JMJ) Panam&aacute; 2019 para fines partidarios, especialmente cuando se lleven a cabo las elecciones generales de ese mismo a&ntilde;o.<\/p>\n<p style=\"text-align: justify\">\n\t&quot;Queremos que con su presencia Mar&iacute;a proteja este evento de las tentaciones que seguramente tendr&aacute;n algunos en el contexto de las elecciones para hacerse de simpat&iacute;as o rechazos. Desde ahora le decimos, no seamos mezquinos con nuestros j&oacute;venes, no instrumentalicemos este evento. Pensemos en Panam&aacute;&quot;, dijo Mons. Ulloa en la homil&iacute;a de Peregrinaci&oacute;n al Jes&uacute;s Nazareno de Atalaya.<\/p>\n<p style=\"text-align: justify\">\n\tEntre los asistentes a la Misa realizada en Atalaya, provincia de Veraguas, estuvo el presidente de la Rep&uacute;blica, Juan Carlos Varela; el ministro de Vivienda, Mario Etechelecu; entre otras figuras del gobierno.<\/p>\n<p style=\"text-align: justify\">\n\tMons. Ulloa destac&oacute; que esta JMJ &ldquo;es un proyecto que supera las esferas eclesiales, pol&iacute;ticas, religiosas, culturales&rdquo;, y por lo tanto, permite que el pueblo se una &ldquo;alejado de la politiquer&iacute;a y el oportunismo&rdquo;.<\/p>\n<p style=\"text-align: justify\">\n\tDe esta manera &ndash;indic&oacute;&ndash; se podr&aacute; &ldquo;asumir la JMJ como naci&oacute;n, dispuesta a recrear nuestras diferencias como una riqueza que nos permita estar unidos en la diversidad de expresiones de fe, de cultura y etnias&rdquo;.<\/p>\n<p style=\"text-align: justify\">\n\tPor otro lado, el Purpurado sostuvo que los j&oacute;venes tendr&aacute;n &ldquo;una oportunidad de oro&rdquo; para ser los &ldquo;verdaderos protagonistas&rdquo;.<\/p>\n<p style=\"text-align: justify\">\n\t&ldquo;Ustedes ser&aacute;n el rostro de la Iglesia y de Panam&aacute;; ustedes tienen la capacidad de prepararse para recibir a los j&oacute;venes del mundo, en este peque&ntilde;o pero hermoso pa&iacute;s&rdquo;, se&ntilde;al&oacute;.<\/p>\n<p style=\"text-align: justify\">\n\tEn ese sentido, Mons. Ulloa exhort&oacute; a los j&oacute;venes a aprender los cinco idiomas oficiales para la JMJ: ingl&eacute;s, italiano, franc&eacute;s, espa&ntilde;ol, portugu&eacute;s; as&iacute; como profundizar en la historia de su pa&iacute;s, de la Iglesia, la comunidad y su parroquia.<\/p>\n<p style=\"text-align: justify\">\n\t&ldquo;Cuando concluya la Jornada ustedes no ser&aacute;n los mismos, Panam&aacute; no ser&aacute; lo mismo, porque con todo ese conocimiento tendr&aacute;n otras opciones en la vida&rdquo;.<\/p>\n<p style=\"text-align: justify\">\n\t&ldquo;Pero, donde ser&aacute;n verdaderos protagonistas es cuando salgan a buscar aquella juventud alejada, en situaci&oacute;n de vulnerabilidad para que puedan vivir esa experiencia del encuentro con Jesucristo de la mano de Mar&iacute;a junto al Sucesor de Pedro&rdquo;, asegur&oacute; el Arzobispo.<\/p>\n<p style=\"text-align: justify\">\n\tMons. Ulloa indic&oacute; que la alegr&iacute;a, vitalidad y hospitalidad deben primar para que cuando los otros j&oacute;venes lo vean &ndash;incluso los no creyentes&ndash; puedan decir: &ldquo;Miren, c&oacute;mo se aman&rdquo;.<\/p>\n<p style=\"text-align: justify\">\n\tFinalmente, inst&oacute; a los j&oacute;venes a no tener miedo. &ldquo;Atr&eacute;vanse a remar mar adentro, donde el l&iacute;mite sea el cielo, un cielo aterrizado en la tierra, donde se construye el Reino de Dios para peregrinar hasta llegar a la Jerusal&eacute;n Celestial&rdquo;.<\/p>\n<p style=\"text-align: justify\">\n\t&ldquo;Les reitero: &lsquo;Hoy los adultos necesitamos de ustedes&rsquo;, por eso &lsquo;tengan valent&iacute;a para ense&ntilde;arnos que es m&aacute;s f&aacute;cil construir puentes que levantar muros&rsquo; y recordarnos encontrar a Dios &lsquo;en el hambriento, en el sediento, en el desnudo, en el enfermo, en el amigo ca&iacute;do en desgracia, en el que est&aacute; preso, en el pr&oacute;fugo y el emigrante, en el vecino que est&aacute; solo&rsquo;&rdquo;, concluy&oacute;.<\/p>\n<p style=\"text-align: justify\">\n\tTambi&eacute;n te puede interesar:&nbsp;<\/p>\n<p style=\"text-align: justify\">\n\t\tVIDEO Y FOTOS: Arzobispo de Panam&aacute; encomienda JMJ 2016 a la Virgen de F&aacute;tima https:\/\/t.co\/1Ouu6NPHVn<\/p>\n<p>\t&mdash; ACI Prensa (@aciprensa) 22 de febrero de 2017<\/p>\n<p style=\"text-align: justify\">\n\t&nbsp;<\/p>\n","protected":false},"excerpt":{"rendered":"<p>CIUDAD DE PANAM\u00c1, 06 Mar. 17 (ACI).- En la homil&iacute;a por el primer Domingo de Cuaresma, el Arzobispo de Panam&aacute;, Mons. Jos&eacute; Domingo Ulloa, inst&oacute; a los pol&iacute;ticos a no utilizar la Jornada Mundial de la Juventud (JMJ) Panam&aacute; 2019 para fines partidarios, especialmente cuando se lleven a cabo las elecciones generales de ese mismo &hellip; <a href=\"https:\/\/www.biblia.work\/noticias\/arzobispo-pide-a-politicos-no-utilizar-la-jmj-panama-2019-para-fines-electorales\/\" class=\"more-link\">Continuar leyendo<span class=\"screen-reader-text\"> \u00abArzobispo pide a pol\u00edticos no utilizar la JMJ Panam\u00e1 2019 para fines electorales\u00bb<\/span><\/a><\/p>\n","protected":false},"author":1,"featured_media":0,"comment_status":"open","ping_status":"closed","sticky":false,"template":"","format":"standard","meta":{"footnotes":""},"categories":[1],"tags":[],"class_list":["post-12495","post","type-post","status-publish","format-standard","hentry","category-general"],"_links":{"self":[{"href":"https:\/\/www.biblia.work\/noticias\/wp-json\/wp\/v2\/posts\/12495","targetHints":{"allow":["GET"]}}],"collection":[{"href":"https:\/\/www.biblia.work\/noticias\/wp-json\/wp\/v2\/posts"}],"about":[{"href":"https:\/\/www.biblia.work\/noticias\/wp-json\/wp\/v2\/types\/post"}],"author":[{"embeddable":true,"href":"https:\/\/www.biblia.work\/noticias\/wp-json\/wp\/v2\/users\/1"}],"replies":[{"embeddable":true,"href":"https:\/\/www.biblia.work\/noticias\/wp-json\/wp\/v2\/comments?post=12495"}],"version-history":[{"count":0,"href":"https:\/\/www.biblia.work\/noticias\/wp-json\/wp\/v2\/posts\/12495\/revisions"}],"wp:attachment":[{"href":"https:\/\/www.biblia.work\/noticias\/wp-json\/wp\/v2\/media?parent=12495"}],"wp:term":[{"taxonomy":"category","embeddable":true,"href":"https:\/\/www.biblia.work\/noticias\/wp-json\/wp\/v2\/categories?post=12495"},{"taxonomy":"post_tag","embeddable":true,"href":"https:\/\/www.biblia.work\/noticias\/wp-json\/wp\/v2\/tags?post=12495"}],"curies":[{"name":"wp","href":"https:\/\/api.w.org\/{rel}","templated":true}]}}