{"id":12499,"date":"2017-03-06T23:05:03","date_gmt":"2017-03-07T04:05:03","guid":{"rendered":"http:\/\/www.biblia.work\/noticias\/reliquias-de-san-pio-de-pietrelcina-recorreran-las-siguientes-ciudades-de-colombia\/"},"modified":"2017-03-06T23:05:03","modified_gmt":"2017-03-07T04:05:03","slug":"reliquias-de-san-pio-de-pietrelcina-recorreran-las-siguientes-ciudades-de-colombia","status":"publish","type":"post","link":"https:\/\/www.biblia.work\/noticias\/reliquias-de-san-pio-de-pietrelcina-recorreran-las-siguientes-ciudades-de-colombia\/","title":{"rendered":"Reliquias de San P\u00edo de Pietrelcina recorrer\u00e1n las siguientes ciudades de Colombia"},"content":{"rendered":"<p> BOGOT\u00c1, 06 Mar. 17 (ACI).-<br \/>\n\tTres reliquias de primer grado de San P&iacute;o de Pietrelcina recorrer&aacute;n seis ciudades de Colombia entre el 3 y el 25 abril, para ser veneradas p&uacute;blicamente y formar parte de peregrinaciones y celebraciones solemnes.<\/p>\n<p style=\"text-align: justify\">\n\tLas reliquias estar&aacute;n en Barranquilla del 3 al 6 de abril, en Santa Marta el 7 y 8 de abril, en Valledupar del 9 al 13 de abril, en Cali del 14 al 16 de abril, en Medell&iacute;n 17 al 21 de abril y en Bogot&aacute; del 22 al 25 de abril.<\/p>\n<p style=\"text-align: justify\">\n\tEntre las reliquias de primer grado se encuentran telas con la sangre del Padre P&iacute;o, los guantes que cubr&iacute;an sus estigmas y una falange.<\/p>\n<p style=\"text-align: justify\">\n\tLa iniciativa naci&oacute; en abril de 2016 luego de un curso de la Asociaci&oacute;n Internacional de Exorcistas en el Vaticano, en el que participaron los sacerdotes colombianos P. Jes&uacute;s Hern&aacute;n Orjuela y P. Doriam Rocha Vergara. Ambos, junto un grupo de fieles, visitaron la Bas&iacute;lica de San Giovanni Rotondo, donde reposan los restos del Padre P&iacute;o, y luego solicitaron formalmente que las reliquias pudieran peregrinar por su pa&iacute;s.<\/p>\n<p style=\"text-align: justify\">\n\tEn di&aacute;logo con ACI Prensa, el P. Rocha, exorcista de la Di&oacute;cesis de Fontibon, asegur&oacute; que la visita del Padre P&iacute;o &ldquo;es una gracia y una bendici&oacute;n&rdquo; que &ldquo;tiene tres significados&rdquo;.<\/p>\n<p style=\"text-align: justify\">\n\t&ldquo;El primero es que se puede ser santo. Estamos llamados a ser santos, y por lo tanto, se puede vivir la santidad en Colombia. Segundo, que nunca debemos cansarnos de amar, servir y hacer el bien. Y tercero, que la &uacute;nica manera de erradicar la maldad, la injusticia y corrupci&oacute;n en Colombia es con el bien. A partir de all&iacute; nacer&aacute; un proceso de paz para nuestro pa&iacute;s&rdquo;, asegur&oacute; el presb&iacute;tero.<\/p>\n<p style=\"text-align: justify\">\n\tAdem&aacute;s, dijo que la idea es que durante el recorrido &ldquo;las reliquias vayan acompa&ntilde;adas por un sacerdote y un grupo de laicos, y que en cada ciudad se le d&eacute; la importancia que merecen&rdquo;.<\/p>\n<p style=\"text-align: justify\">\n\tLa visita de las tres reliquias se concret&oacute; gracias a la coordinaci&oacute;n de la Fundaci&oacute;n Social Ciudad de Dios y las di&oacute;cesis de Sonson-R&iacute;onegro, Barranquilla, Fontibon y de Valledupar.<\/p>\n<p style=\"text-align: justify\">\n\t&ldquo;Nosotros los cristianos estamos llamados a ser luz y sal de la tierra. Ese es el mensaje a trav&eacute;s de la visita de P&iacute;o de Pietrelcina&rdquo;, concluy&oacute; el P. Rocha.&nbsp;<\/p>\n<p style=\"text-align: justify\">\n\tTambi&eacute;n te puede interesar:&nbsp;<\/p>\n<p style=\"text-align: justify\">\n\t\tPadre P&iacute;o: 3 &ldquo;peque&ntilde;os&rdquo; milagros y un don del santo que tal vez no conoc&iacute;as https:\/\/t.co\/ASGsAgWZyV<\/p>\n<p>\t&mdash; ACI Prensa (@aciprensa) 23 de septiembre de 2016<\/p>\n<p style=\"text-align: justify\">\n\t&nbsp;<\/p>\n","protected":false},"excerpt":{"rendered":"<p>BOGOT\u00c1, 06 Mar. 17 (ACI).- Tres reliquias de primer grado de San P&iacute;o de Pietrelcina recorrer&aacute;n seis ciudades de Colombia entre el 3 y el 25 abril, para ser veneradas p&uacute;blicamente y formar parte de peregrinaciones y celebraciones solemnes. Las reliquias estar&aacute;n en Barranquilla del 3 al 6 de abril, en Santa Marta el 7 &hellip; <a href=\"https:\/\/www.biblia.work\/noticias\/reliquias-de-san-pio-de-pietrelcina-recorreran-las-siguientes-ciudades-de-colombia\/\" class=\"more-link\">Continuar leyendo<span class=\"screen-reader-text\"> \u00abReliquias de San P\u00edo de Pietrelcina recorrer\u00e1n las siguientes ciudades de Colombia\u00bb<\/span><\/a><\/p>\n","protected":false},"author":1,"featured_media":0,"comment_status":"open","ping_status":"closed","sticky":false,"template":"","format":"standard","meta":{"footnotes":""},"categories":[1],"tags":[],"class_list":["post-12499","post","type-post","status-publish","format-standard","hentry","category-general"],"_links":{"self":[{"href":"https:\/\/www.biblia.work\/noticias\/wp-json\/wp\/v2\/posts\/12499","targetHints":{"allow":["GET"]}}],"collection":[{"href":"https:\/\/www.biblia.work\/noticias\/wp-json\/wp\/v2\/posts"}],"about":[{"href":"https:\/\/www.biblia.work\/noticias\/wp-json\/wp\/v2\/types\/post"}],"author":[{"embeddable":true,"href":"https:\/\/www.biblia.work\/noticias\/wp-json\/wp\/v2\/users\/1"}],"replies":[{"embeddable":true,"href":"https:\/\/www.biblia.work\/noticias\/wp-json\/wp\/v2\/comments?post=12499"}],"version-history":[{"count":0,"href":"https:\/\/www.biblia.work\/noticias\/wp-json\/wp\/v2\/posts\/12499\/revisions"}],"wp:attachment":[{"href":"https:\/\/www.biblia.work\/noticias\/wp-json\/wp\/v2\/media?parent=12499"}],"wp:term":[{"taxonomy":"category","embeddable":true,"href":"https:\/\/www.biblia.work\/noticias\/wp-json\/wp\/v2\/categories?post=12499"},{"taxonomy":"post_tag","embeddable":true,"href":"https:\/\/www.biblia.work\/noticias\/wp-json\/wp\/v2\/tags?post=12499"}],"curies":[{"name":"wp","href":"https:\/\/api.w.org\/{rel}","templated":true}]}}