{"id":12502,"date":"2017-03-07T03:15:01","date_gmt":"2017-03-07T08:15:01","guid":{"rendered":"http:\/\/www.biblia.work\/noticias\/cuando-el-padre-y-los-abuelos-de-francisco-se-salvaron-del-naufragio-del-mafalda\/"},"modified":"2017-03-07T03:15:01","modified_gmt":"2017-03-07T08:15:01","slug":"cuando-el-padre-y-los-abuelos-de-francisco-se-salvaron-del-naufragio-del-mafalda","status":"publish","type":"post","link":"https:\/\/www.biblia.work\/noticias\/cuando-el-padre-y-los-abuelos-de-francisco-se-salvaron-del-naufragio-del-mafalda\/","title":{"rendered":"Cuando el padre y los abuelos de Francisco se salvaron del naufragio del Mafalda"},"content":{"rendered":"<p style=\"text-align: justify\">(ZENIT- Roma).- El santo padre Francisco en una entrevista a la revista &#8216;Scarp de tenis&#8217;, cont\u00f3 diversos hechos de su vida, entre ellos que su padre y sus abuelos no lograron zarpar en el buque Mafalta y salvaron del naufragio.<\/p>\n<p style=\"text-align: justify\">As\u00ed en uno de los art\u00edculo del &#8216;mensual de la calle&#8217; de la di\u00f3cesis de Mil\u00e1n, que sali\u00f3 este mes de marzo, el Santo Padre narra: \u201cMis abuelos y mi pap\u00e1, deb\u00edan partir hacia finales del 1928, ten\u00edan el billete para el buque \u201cPrincesa Mafalda\u201d, el mismo que se hundi\u00f3 delante de las costas de Brasil. Entretanto ellos no lograron vender a tiempo lo que pose\u00edan y as\u00ed cambiaron el billete y se embarcaron en el &#8216;Giulio Cesare&#8217; el 1 de febrero de 1929. Por ello estoy aqu\u00ed\u201d.<\/p>\n<p style=\"text-align: justify\"><strong>Ponerse en el lugar del otro.\u00a0<\/strong>Respondiendo a otra pregunta, el papa Francisco se\u00f1al\u00f3 que \u201ces muy dif\u00edcil meterse en los zapatos, en el lugar de los dem\u00e1s, porque a menudo somos esclavos de nuestro ego\u00edsmo. En un primer nivel, podemos decir que la gente prefiere ocuparse de sus propios problemas sin querer ver el sufrimiento u otras dificultades\u201d<\/p>\n<p style=\"text-align: justify\">Entretanto asegura el pont\u00edfice \u201chay otro nivel. Ponerse en los zapatos de los dem\u00e1s significa tener una gran capacidad de comprender, de entender los momentos y las situaciones dif\u00edciles\u2026\u201d.<\/p>\n<p style=\"text-align: justify\">\u201cSi pensamos, adem\u00e1s, en las existencias que est\u00e1n hechas a menudo de soledad, ponerse en los zapatos del otro significa servicio, humildad, generosidad, que es tambi\u00e9n la expresi\u00f3n de una necesidad. Necesito que alguien se ponga en mis zapatos. Porque todos necesitamos comprensi\u00f3n, compa\u00f1erismo y un consejo\u201d, dijo.<\/p>\n<p style=\"text-align: justify\">\u201cCu\u00e1ntas veces -concluy\u00f3 el Papa- he conocido a personas que, despu\u00e9s de haber buscado consuelo en un cristiano, ya sea un laico, un sacerdote, una monja, un obispo, me dice: &#8216;S\u00ed, me ha escuchado, pero no me ha entendido&#8217;. Entender significa ponerse en los zapatos de los dem\u00e1s\u201d.<\/p>\n<p style=\"text-align: justify\"><strong>\u00bfQu\u00e9 le falta m\u00e1s de Buenos Aires?,\u00a0<\/strong>el Santo Padre indica que \u201csolamente la posibilidad de salir y andar por la calle. Me gusta ir a visitar las parroquias y encontrar a la gente\u201d. Si bien precisa que \u201cno tengo nostalgias particulares\u201d.<\/p>\n<p style=\"text-align: justify\">Entretanto precis\u00f3:\u201cNunca me he sentido desarraigado\u201d. Y explic\u00f3 que \u201cen Argentina todos somos migrantes. Por esto all\u00e1 abajo el di\u00e1logo interreligioso es la norma. En la escuela hab\u00eda hebreos que llegaban principalmente de Rusia y musulmanes sirios y libaneses, o turcos con pasaporte del Imperio otomano. Hab\u00eda mucha fraternidad. En el pa\u00eds hay un n\u00famero limitado de ind\u00edgenas, la mayor parte de la poblaci\u00f3n es de origen italiano, espa\u00f1ol, polaco, del Medio Oriente, ruso, alem\u00e1n, croata, esloveno. En los a\u00f1os a caballo entre los dos siglos anteriores el fen\u00f3meno migratorio fue de un alcance enorme. Mi pap\u00e1 ten\u00eda veinte a\u00f1os cuando lleg\u00f3 a la Argentina y trabajaba en la Banca de Italia, se cas\u00f3 all\u00e1\u201d.<\/p>\n<p style=\"text-align: justify\"><strong>Se ve m\u00e1s solidaridad entre los pobres.\u00a0<\/strong>El Pont\u00edfice coment\u00f3 tambi\u00e9n su experiencia en Buenos Aires, y se\u00f1al\u00f3 que ha visto m\u00e1s solidaridad en los barrios pobres que en los del centro.<\/p>\n<p style=\"text-align: justify\">\u201cEn las villas miseria hay muchos problemas, entretanto los pobres son mas solidarios entre ellos, porque sienten que tienen necesidad uno del otro\u201d. Se\u00f1al\u00f3 tambi\u00e9n que encontr\u00f3 \u201cm\u00e1s ego\u00edsmo en los barrios altos\u201d y que \u201cla solidaridad que se registra en las bidonville no se ve en otras partes\u201d y si en las villas miseria la droga se ve m\u00e1s es porque en otros barrios est\u00e1 m\u00e1s cubierta, y se usa con guantes blancos.<\/p>\n<p><span class=\"et_bloom_bottom_trigger\"><\/span><\/p>\n<p><a href=\"https:\/\/es.zenit.org\/\" target=\"_blank\" rel=\"nofollow\">Fuente: es.zenit.org<\/a><\/p>\n","protected":false},"excerpt":{"rendered":"<p>(ZENIT- Roma).- El santo padre Francisco en una entrevista a la revista &#8216;Scarp de tenis&#8217;, cont\u00f3 diversos hechos de su vida, entre ellos que su padre y sus abuelos no lograron zarpar en el buque Mafalta y salvaron del naufragio. As\u00ed en uno de los art\u00edculo del &#8216;mensual de la calle&#8217; de la di\u00f3cesis de &hellip; <a href=\"https:\/\/www.biblia.work\/noticias\/cuando-el-padre-y-los-abuelos-de-francisco-se-salvaron-del-naufragio-del-mafalda\/\" class=\"more-link\">Continuar leyendo<span class=\"screen-reader-text\"> \u00abCuando el padre y los abuelos de Francisco se salvaron del naufragio del Mafalda\u00bb<\/span><\/a><\/p>\n","protected":false},"author":1,"featured_media":0,"comment_status":"open","ping_status":"closed","sticky":false,"template":"","format":"standard","meta":{"footnotes":""},"categories":[1],"tags":[],"class_list":["post-12502","post","type-post","status-publish","format-standard","hentry","category-general"],"_links":{"self":[{"href":"https:\/\/www.biblia.work\/noticias\/wp-json\/wp\/v2\/posts\/12502","targetHints":{"allow":["GET"]}}],"collection":[{"href":"https:\/\/www.biblia.work\/noticias\/wp-json\/wp\/v2\/posts"}],"about":[{"href":"https:\/\/www.biblia.work\/noticias\/wp-json\/wp\/v2\/types\/post"}],"author":[{"embeddable":true,"href":"https:\/\/www.biblia.work\/noticias\/wp-json\/wp\/v2\/users\/1"}],"replies":[{"embeddable":true,"href":"https:\/\/www.biblia.work\/noticias\/wp-json\/wp\/v2\/comments?post=12502"}],"version-history":[{"count":0,"href":"https:\/\/www.biblia.work\/noticias\/wp-json\/wp\/v2\/posts\/12502\/revisions"}],"wp:attachment":[{"href":"https:\/\/www.biblia.work\/noticias\/wp-json\/wp\/v2\/media?parent=12502"}],"wp:term":[{"taxonomy":"category","embeddable":true,"href":"https:\/\/www.biblia.work\/noticias\/wp-json\/wp\/v2\/categories?post=12502"},{"taxonomy":"post_tag","embeddable":true,"href":"https:\/\/www.biblia.work\/noticias\/wp-json\/wp\/v2\/tags?post=12502"}],"curies":[{"name":"wp","href":"https:\/\/api.w.org\/{rel}","templated":true}]}}