{"id":12504,"date":"2017-03-07T06:15:02","date_gmt":"2017-03-07T11:15:02","guid":{"rendered":"http:\/\/www.biblia.work\/noticias\/la-hospitalidad-evangelica-de-los-hermanos-de-san-juan-de-dios-tanto-en-el-vaticano-como-en-las-periferias-del-mundo-i\/"},"modified":"2017-03-07T06:15:02","modified_gmt":"2017-03-07T11:15:02","slug":"la-hospitalidad-evangelica-de-los-hermanos-de-san-juan-de-dios-tanto-en-el-vaticano-como-en-las-periferias-del-mundo-i","status":"publish","type":"post","link":"https:\/\/www.biblia.work\/noticias\/la-hospitalidad-evangelica-de-los-hermanos-de-san-juan-de-dios-tanto-en-el-vaticano-como-en-las-periferias-del-mundo-i\/","title":{"rendered":"La hospitalidad evang\u00e9lica de los hermanos de San Juan de Dios, tanto en el Vaticano como en las periferias del mundo (I)"},"content":{"rendered":"<p style=\"text-align: justify\">(ZENIT &#8211; Roma).- \u201cEl deseo de servir a los enfermos en una consagraci\u00f3n a Dios ha sido siempre la primera raz\u00f3n de mi vocaci\u00f3n\u201d, nos conf\u00eda fray Alain-Samuel Jeancler, responsable en Francia de la Orden Hospitalaria de San Juan de Dios, con motivo del viaje a Liberia y Sierra Leona que realiz\u00f3 la curia general con sede en Roma.<\/p>\n<p style=\"text-align: justify\">Una comunidad que trabaja sea en las periferias, como en Madagascar o con lo consultorios m\u00f3viles, sea en el coraz\u00f3n del Vaticano, con su farmacia frecuentada por toda Roma. Y evoca una virtud demasiado olvidada pero propicia para revitalizar el tejido social: la hospitalidad evang\u00e9lica.\u00a0El ejemplo m\u00e1s bello y reciente de esta Hospitalidad incondicional fue la que mostraron los 4 hermanos que dieron su vida cuidando a los enfermos del virus Ebola, en 2014, en Sierra Leona y Liberia.<\/p>\n<p style=\"text-align: justify\">A continuaci\u00f3n compartimos la primera parte de la entrevista.<\/p>\n<p style=\"text-align: justify\"><strong>Hermano Alain-Samuel, usted es el Superior Provincial de Francia de la Orden Hospitalaria de San Juan de Dios. \u00bfQu\u00e9 significa eso? \u00bfCu\u00e1l es el papel de un Provincial? \u00bfQu\u00e9 le atrajo del carisma de esta orden?<br \/>\n<\/strong>&#8212; Hermano Alain-Samuel: Aunque soy responsable de la Orden Hospitalaria en Francia yo creo que, ante todo, esta funci\u00f3n no me pertenece, sino que ha me ha sido confiada por y para el amor del Se\u00f1or al servicio del bien com\u00fan y a la comuni\u00f3n de las personas que hay que orientar, acompa\u00f1ar y servir. En todo caso es as\u00ed como yo intento vivir mi funci\u00f3n. Ser Provincial es un camino, es seguir el paso de los disc\u00edpulos de Ema\u00fas, para hacer una relectura, con mis Hermanos, de la presencia del Cristo resucitado en nuestras vidas.<br \/>\nLlegu\u00e9 a la Orden Hospitalaria de San Juan de Dios, ante todo para ponerme al servicio de las personas enfermas y desamparadas. Hay que precisar que somos una orden de Hermanos sanitarios, pues no tenemos formaci\u00f3n de directores de recursos humanos o directores generales. Nuestra labor requiere mucha humildad, sentido com\u00fan, generosidad, tiempo para dedicar el otro. Requiere acordarse del ejemplo de nuestro fundador, quien vivi\u00f3 una conversi\u00f3n radical que le llev\u00f3 a emprender su obra consagrada al servicio de los dem\u00e1s.<\/p>\n<p style=\"text-align: justify\">Hoy su obra est\u00e1 presente en 53 pa\u00edses y atendemos a m\u00e1s de un mill\u00f3n de personas al a\u00f1o. San Juan de Dios tuvo que superar el desaf\u00edo de la locura y experimentar en sus carnes los tratamientos inhumanos que se ejerc\u00edan en su \u00e9poca en los hospitales. Fue as\u00ed como tom\u00f3 conciencia del sufrimiento de los enfermos y pudo tener una visi\u00f3n clara sobre su nueva misi\u00f3n: fundar un nuevo modelo de asistencia basado en el servicio. El comprendi\u00f3, ya en su tiempo, que para ser l\u00edder se deb\u00eda ser servidor, librarse de s\u00ed mismo para acercarse al pr\u00f3jimo y, a trav\u00e9s de \u00e9l, a Dios.<\/p>\n<p style=\"text-align: justify\">El deseo de servir a los enfermos dentro de una vida consagrada a Dios fue el origen de mi vocaci\u00f3n. As\u00ed es la vida, que nos coloca en el curso de nuestra peregrinaci\u00f3n terrenal en situaciones en las que debemos elegir y tomar decisiones que influyen en el curso de nuestra historia personal y en la de aquellos a quienes tenemos el cargo y la responsabilidad.<br \/>\nY este per\u00edodo de Cuaresma es una ocasi\u00f3n propicia para parar y hacer balance del espacio que damos, desde nuestra fe en Dios, al compromiso, a nuestra disponibilidad para abandonarnos al amor de Dios que salva en las situaciones de sufrimiento, de enfermedad, de soledad. &#8220;A trav\u00e9s de los cuerpos a las almas&#8221;, tal y como se refleja en nuestra misi\u00f3n a d\u00eda de hoy.<br \/>\nEn el siglo XVI, su fundador, Juan de Dios, bas\u00f3 su acci\u00f3n sobre una virtud que a d\u00eda de hoy a\u00fan es vivida por 1.100 hermanos en todo el mundo: la hospitalidad.<\/p>\n<p style=\"text-align: justify\"><strong> \u00bfC\u00f3mo se relaciona\u00a0esta Hospitalidad y las obras de misericordia que el papa Francisco ha llamado a poner en pr\u00e1ctica con motivo del \u00faltimo jubileo?<br \/>\n<\/strong>&#8212; Hermano Alain-Samuel: Una de las particularidades de los Hermanos de San Juan de Dios es pronunciar el voto de hospitalidad, adem\u00e1s de los de pobreza, obediencia y castidad. Es a trav\u00e9s de este voto que nosotros dedicamos nuestra vida a la asistencia de los m\u00e1s fr\u00e1giles, esforz\u00e1ndonos para prestarles todos los servicios necesarios, incluso los m\u00e1s humildes y los que puedan comportar un riesgo para nuestra vida, a semejanza del Cristo que nos quiso hasta morir para nuestra Salvaci\u00f3n.<\/p>\n<p style=\"text-align: justify\">Es una hospitalidad que se ejerce bajo m\u00faltiples realidades, ya sea tendiendo la mano a una persona desconsolada, con una presencia c\u00e1lida con los ni\u00f1os que son v\u00edctimas del sida, con una acogida paciente, con actos cuotidianos que devuelven a la otra persona la confianza perdida, con una puerta abierta sin condici\u00f3n a una persona sin hogar, con una atenci\u00f3n en todos los que son &#8220;la cara de los pobres, los enfermos, las personas que se encuentran en una situaci\u00f3n de sufrimiento o dificultad&#8221;. El ejemplo m\u00e1s bello y reciente de esta Hospitalidad incondicional fue la que nos mostraron los 4 hermanos que dieron su vida cuidando a los enfermos del virus Ebola, en 2014, en Sierra Leone y Liberia.<\/p>\n<p style=\"text-align: justify\">Esta hospitalidad evang\u00e9lica se basa en la experiencia que hacemos cada d\u00eda de la misericordia de Dios: nuestro encuentro con Dios pasa por nuestro compromiso al servicio de las personas m\u00e1s fr\u00e1giles para manifestarles este amor misericordioso que nosotros mismo hemos recibido. Las obras de misericordia son el reflejo de este deseo de querer y de querer el bien de nuestro pr\u00f3jimo, como lo hizo San Juan de Dios en su tiempo. Tan pronto como \u00e9l escuch\u00f3 la llamada de Dios, se puso en marcha en seguida, super\u00f3 todos los obst\u00e1culos para manifestar ante las personas que llamaban a su puerta la misericordia divina, a trav\u00e9s de la Hospitalidad. Una Hospitalidad que lo hac\u00eda feliz como lo exclamaba gritando por las calles de Granada en busca de personas de buena voluntad para que le ayudaran: \u201cHaceros el bien Hermanos, haciendo el bien a los dem\u00e1s\u201d. Nosotros podemos manifestar ahora con nuestras palabras y nuestros gestos que la misericordia lo puede todo y que nos hace profundamente felices.<\/p>\n<p style=\"text-align: justify\">(Sigue)<\/p>\n<p style=\"text-align: justify\">&nbsp;<\/p>\n<p style=\"text-align: justify\"><span lang=\"es-ES\">Traducci\u00f3n realizada por Alba Felip<\/span><\/p>\n<p><span class=\"et_bloom_bottom_trigger\"><\/span><\/p>\n<p><a href=\"https:\/\/es.zenit.org\/\" target=\"_blank\" rel=\"nofollow\">Fuente: es.zenit.org<\/a><\/p>\n","protected":false},"excerpt":{"rendered":"<p>(ZENIT &#8211; Roma).- \u201cEl deseo de servir a los enfermos en una consagraci\u00f3n a Dios ha sido siempre la primera raz\u00f3n de mi vocaci\u00f3n\u201d, nos conf\u00eda fray Alain-Samuel Jeancler, responsable en Francia de la Orden Hospitalaria de San Juan de Dios, con motivo del viaje a Liberia y Sierra Leona que realiz\u00f3 la curia general &hellip; <a href=\"https:\/\/www.biblia.work\/noticias\/la-hospitalidad-evangelica-de-los-hermanos-de-san-juan-de-dios-tanto-en-el-vaticano-como-en-las-periferias-del-mundo-i\/\" class=\"more-link\">Continuar leyendo<span class=\"screen-reader-text\"> \u00abLa hospitalidad evang\u00e9lica de los hermanos de San Juan de Dios, tanto en el Vaticano como en las periferias del mundo (I)\u00bb<\/span><\/a><\/p>\n","protected":false},"author":1,"featured_media":0,"comment_status":"open","ping_status":"closed","sticky":false,"template":"","format":"standard","meta":{"footnotes":""},"categories":[1],"tags":[],"class_list":["post-12504","post","type-post","status-publish","format-standard","hentry","category-general"],"_links":{"self":[{"href":"https:\/\/www.biblia.work\/noticias\/wp-json\/wp\/v2\/posts\/12504","targetHints":{"allow":["GET"]}}],"collection":[{"href":"https:\/\/www.biblia.work\/noticias\/wp-json\/wp\/v2\/posts"}],"about":[{"href":"https:\/\/www.biblia.work\/noticias\/wp-json\/wp\/v2\/types\/post"}],"author":[{"embeddable":true,"href":"https:\/\/www.biblia.work\/noticias\/wp-json\/wp\/v2\/users\/1"}],"replies":[{"embeddable":true,"href":"https:\/\/www.biblia.work\/noticias\/wp-json\/wp\/v2\/comments?post=12504"}],"version-history":[{"count":0,"href":"https:\/\/www.biblia.work\/noticias\/wp-json\/wp\/v2\/posts\/12504\/revisions"}],"wp:attachment":[{"href":"https:\/\/www.biblia.work\/noticias\/wp-json\/wp\/v2\/media?parent=12504"}],"wp:term":[{"taxonomy":"category","embeddable":true,"href":"https:\/\/www.biblia.work\/noticias\/wp-json\/wp\/v2\/categories?post=12504"},{"taxonomy":"post_tag","embeddable":true,"href":"https:\/\/www.biblia.work\/noticias\/wp-json\/wp\/v2\/tags?post=12504"}],"curies":[{"name":"wp","href":"https:\/\/api.w.org\/{rel}","templated":true}]}}