{"id":12505,"date":"2017-03-07T08:15:02","date_gmt":"2017-03-07T13:15:02","guid":{"rendered":"http:\/\/www.biblia.work\/noticias\/segundo-domingo-de-cuaresma\/"},"modified":"2017-03-07T08:15:02","modified_gmt":"2017-03-07T13:15:02","slug":"segundo-domingo-de-cuaresma","status":"publish","type":"post","link":"https:\/\/www.biblia.work\/noticias\/segundo-domingo-de-cuaresma\/","title":{"rendered":"Segundo domingo de Cuaresma"},"content":{"rendered":"<p style=\"text-align: justify\">&nbsp;<\/p>\n<p align=\"JUSTIFY\"><b>Ciclo A\u00a0<\/b><b>Textos: G\u00e9nesis 12, 1-4; 2 Timoteo 1, 8-10; Mateo 17, 1-9<\/b><\/p>\n<p align=\"JUSTIFY\"><a name=\"_GoBack\"><\/a><span style=\"color: #333333\"><span lang=\"es-MX\">P. Antonio Rivero, L.C. Doctor en Teolog\u00eda Espiritual, profesor de Humanidades Cl\u00e1sicas en el Centro de Noviciado y Humanidades y Ciencias de la Legi\u00f3n de Cristo en Monterrey (M\u00e9xico).<\/span><\/span><\/p>\n<p align=\"JUSTIFY\"><b>Idea principal: <\/b>pedagog\u00eda de la <i>fe<\/i>, es decir, el modo como Dios nos comunica sus misterios durante nuestro peregrinar terreno.<\/p>\n<p align=\"JUSTIFY\"><b>Resumen del mensaje<\/b>: en esta Cuaresma, Cristo nos invita a subir con \u00c9l al monte Tabor donde nos revelar\u00e1 su gloria y su belleza, y nos dar\u00e1 \u00e1nimo antes de subir la escalada del Calvario (evangelio). S\u00f3lo a trav\u00e9s de la <i>fe<\/i> podemos descubrir, sin escandalizarnos, la divinidad de Jes\u00fas a trav\u00e9s de su humanidad sufriente (segunda lectura). Como s\u00f3lo gracias a la <i>fe<\/i>, Mois\u00e9s se fi\u00f3 de Dios y sali\u00f3 de su tierra c\u00f3moda y f\u00e9rtil para comunicarle el Se\u00f1or sus misterios y su plan (primera lectura).<\/p>\n<p align=\"JUSTIFY\"><b>Puntos de la idea principal<\/b>:<\/p>\n<p align=\"JUSTIFY\"><i><b>En primer lugar<\/b><\/i>, la cuaresma es una invitaci\u00f3n de Dios para dejar, como Abraham, nuestro \u201c<i>modus vivendi<\/i>\u201d tranquilo, c\u00f3modo y sosegado, y echarnos al camino guiados por la luz de la <i>fe<\/i> y subir al monte santo de la Pascua, no sin antes pasar por el doloroso sendero de la cruz de Cristo. Esa luz de la <i>fe<\/i> es suficientemente clara como para guiarnos por el recto camino que Jes\u00fas nos ha trazado para llegar a la vida eterna. Y es, asimismo, suficientemente oscura para que tengamos m\u00e9rito en el creer, para que podamos desplegar libremente nuestra confianza en su palabra, aun cuando aquello que Dios nos pida nos resulte humanamente incomprensible.<\/p>\n<p align=\"JUSTIFY\"><i><b>En segundo lugar<\/b><\/i>, s\u00f3lo desde la <i>fe<\/i> tendr\u00e9 en este domingo un encuentro m\u00edstico con Cristo en el Tabor donde \u00c9l se me revelar\u00e1 en todo su esplendor y encanto, como lo tuvieron estos tres ap\u00f3stoles \u00edntimos, Pedro Santiago y Juan. Montemos el cuadro esc\u00e9nico: una monta\u00f1a y una noche, luz y sonido, tres espectadores, dos actores y un protagonista, Jes\u00fas. Argumento de la obra: la divinidad de Dios. T\u00edtulo de la obra: Jes\u00fas es Dios. Cay\u00f3 el tel\u00f3n. Esta experiencia m\u00edstica tambi\u00e9n la tuvo Ignacio de Loyola: <i>\u201cMuchas veces y por mucho tiempo, estando en oraci\u00f3n, ve\u00eda con los ojos interiores la humanidad de Cristo y la figura, que le parec\u00eda era como cuerpo blanco\u201d<\/i> (Autobiograf\u00eda III,29), \u201c<i>como sol<\/i>\u201d (ib. XI,99). <i>\u201cSi no hubiese Escritura que nos ense\u00f1ase estas cosas de la fe, \u00e9l \u2013Ignacio- se determinar\u00eda a morir por ellas, solamente por lo que ha visto\u201d<\/i> (ib.).<\/p>\n<p align=\"JUSTIFY\"><i><b>Finalmente<\/b><\/i>, necesitamos este encuentro m\u00edstico con Cristo, como Pedro, Santiago, Juan, Ignacio de Loyola, Teresa de Jes\u00fas, Teresa de Calcuta. Desde la <i>fe<\/i>, claro. Lo necesit\u00f3 Mois\u00e9s para acaudillar al pueblo de Israel de Egipto a Palestina por cuarenta a\u00f1os de desastres, batallas, crisis religiosas, castigos de Dios, fidelidades de Dios\u2026Lo necesit\u00f3 Ignacio de Loyola para fundar la Compa\u00f1\u00eda de Jes\u00fas contra viento y marea de pr\u00edncipes, te\u00f3logos y Papas. Lo necesitaban esos tres ap\u00f3stoles que en unos meses entrar\u00edan con Jes\u00fas en Getseman\u00ed y se escandalizar\u00edan de \u00c9l y lo dejar\u00edan solo. Y s\u00f3lo despu\u00e9s de la Resurrecci\u00f3n renovaron esta <i>fe<\/i> en Cristo Dios que brill\u00f3 en el Tabor. Y yo necesito de este encuentro m\u00edstico para no descafeinar la religi\u00f3n buscando achicorias, malta y dem\u00e1s suced\u00e1neos de la <i>fe<\/i>.<\/p>\n<h3 class=\"western\" align=\"JUSTIFY\"><span style=\"font-size: medium\">Para reflexionar<\/span><span style=\"font-family: 'Times New Roman', serif\"><span style=\"font-size: medium\">: \u00bfC\u00f3mo est\u00e1 mi <\/span><\/span><span style=\"font-family: 'Times New Roman', serif\"><span style=\"font-size: medium\"><i>fe<\/i><\/span><\/span><span style=\"font-family: 'Times New Roman', serif\"><span style=\"font-size: medium\"> en Cristo? \u00bfMi <\/span><\/span><span style=\"font-family: 'Times New Roman', serif\"><span style=\"font-size: medium\"><i>fe<\/i><\/span><\/span><span style=\"font-family: 'Times New Roman', serif\"><span style=\"font-size: medium\"> sigue firme tambi\u00e9n cuando vea a Jes\u00fas ultrajado y colgado en la cruz? \u00bfMe espantan los silencios de Dios? Sube a la m\u00edstica de la oraci\u00f3n, no te quedes en el llano. Y despu\u00e9s baja al llano, lleno del resplandor m\u00edstico de Cristo, hecho caridad y ternura, como ama dice el papa Francisco.<\/span><\/span><\/h3>\n<h3 class=\"western\" align=\"JUSTIFY\"><\/h3>\n<h3 class=\"western\" align=\"JUSTIFY\"><span style=\"font-family: 'Times New Roman', serif\"><span style=\"font-size: medium\">Para rezar<\/span><\/span><span style=\"font-family: 'Times New Roman', serif\"><span style=\"font-size: medium\">: <\/span><\/span><span style=\"font-family: 'Times New Roman', serif\"><span style=\"font-size: medium\"><i>Se\u00f1or, inv\u00edtame a subir al monte Tabor, envu\u00e9lveme en tu luz y abre mis o\u00eddos para escuchar la voz del Padre que me dice: \u201cEste es mi Hijo muy amado, escuchadlo\u201d. Y despu\u00e9s de haber hecho esta experiencia en la fe, bajar del monte para contagiar la luz de mi fe a mis hermanos. Am\u00e9n. <\/i><\/span><\/span><\/h3>\n<p><span class=\"et_bloom_bottom_trigger\"><\/span><\/p>\n<p><a href=\"https:\/\/es.zenit.org\/\" target=\"_blank\" rel=\"nofollow\">Fuente: es.zenit.org<\/a><\/p>\n","protected":false},"excerpt":{"rendered":"<p>&nbsp; Ciclo A\u00a0Textos: G\u00e9nesis 12, 1-4; 2 Timoteo 1, 8-10; Mateo 17, 1-9 P. Antonio Rivero, L.C. Doctor en Teolog\u00eda Espiritual, profesor de Humanidades Cl\u00e1sicas en el Centro de Noviciado y Humanidades y Ciencias de la Legi\u00f3n de Cristo en Monterrey (M\u00e9xico). Idea principal: pedagog\u00eda de la fe, es decir, el modo como Dios nos &hellip; <a href=\"https:\/\/www.biblia.work\/noticias\/segundo-domingo-de-cuaresma\/\" class=\"more-link\">Continuar leyendo<span class=\"screen-reader-text\"> \u00abSegundo domingo de Cuaresma\u00bb<\/span><\/a><\/p>\n","protected":false},"author":1,"featured_media":0,"comment_status":"open","ping_status":"closed","sticky":false,"template":"","format":"standard","meta":{"footnotes":""},"categories":[1],"tags":[],"class_list":["post-12505","post","type-post","status-publish","format-standard","hentry","category-general"],"_links":{"self":[{"href":"https:\/\/www.biblia.work\/noticias\/wp-json\/wp\/v2\/posts\/12505","targetHints":{"allow":["GET"]}}],"collection":[{"href":"https:\/\/www.biblia.work\/noticias\/wp-json\/wp\/v2\/posts"}],"about":[{"href":"https:\/\/www.biblia.work\/noticias\/wp-json\/wp\/v2\/types\/post"}],"author":[{"embeddable":true,"href":"https:\/\/www.biblia.work\/noticias\/wp-json\/wp\/v2\/users\/1"}],"replies":[{"embeddable":true,"href":"https:\/\/www.biblia.work\/noticias\/wp-json\/wp\/v2\/comments?post=12505"}],"version-history":[{"count":0,"href":"https:\/\/www.biblia.work\/noticias\/wp-json\/wp\/v2\/posts\/12505\/revisions"}],"wp:attachment":[{"href":"https:\/\/www.biblia.work\/noticias\/wp-json\/wp\/v2\/media?parent=12505"}],"wp:term":[{"taxonomy":"category","embeddable":true,"href":"https:\/\/www.biblia.work\/noticias\/wp-json\/wp\/v2\/categories?post=12505"},{"taxonomy":"post_tag","embeddable":true,"href":"https:\/\/www.biblia.work\/noticias\/wp-json\/wp\/v2\/tags?post=12505"}],"curies":[{"name":"wp","href":"https:\/\/api.w.org\/{rel}","templated":true}]}}