{"id":12507,"date":"2017-03-07T10:05:02","date_gmt":"2017-03-07T15:05:02","guid":{"rendered":"http:\/\/www.biblia.work\/noticias\/hazteoir-presenta-nuevo-autobus-contra-la-ideologia-de-genero-y-denuncia-censura\/"},"modified":"2017-03-07T10:05:02","modified_gmt":"2017-03-07T15:05:02","slug":"hazteoir-presenta-nuevo-autobus-contra-la-ideologia-de-genero-y-denuncia-censura","status":"publish","type":"post","link":"https:\/\/www.biblia.work\/noticias\/hazteoir-presenta-nuevo-autobus-contra-la-ideologia-de-genero-y-denuncia-censura\/","title":{"rendered":"HazteO\u00edr presenta nuevo autob\u00fas contra la ideolog\u00eda de g\u00e9nero y denuncia censura"},"content":{"rendered":"<p> MADRID, 07 Mar. 17 (ACI\/Actuall).-<br \/>\n\tEl Presidente de HazteOir.org, Ignacio Arsuaga, ha atendido a los medios de comunicaci&oacute;n antes de poner en marcha el tercer veh&iacute;culo de la asociaci&oacute;n para reivindicar la libertad de expresi&oacute;n y el derecho de los padres a educar a los hijos sin la intromisi&oacute;n y el adoctrinamiento del Estado. En esta ocasi&oacute;n el lema plasmado en el autob&uacute;s es el de &ldquo;Los ni&ntilde;os tienen censurado&rdquo; y &ldquo;Las ni&ntilde;as tienen censurado&rdquo;.<\/p>\n<p style=\"text-align: justify\">\n\tEste tercer veh&iacute;culo ha recorrido las calles de Madrid y ha llegado hasta la sede del Ayuntamiento, donde ha vuelto a ser multado por la polic&iacute;a municipal. &iquest;El motivo? Por incumplir la ordenanza municipal sobre publicidad. Pero Arsuaga lo niega: &ldquo;Han vuelto a cometer una irregularidad, nosotros somos una asociaci&oacute;n sin &aacute;nimo de lucro, por tanto esta ordenanza no nos afecta&rdquo;.<\/p>\n<p style=\"text-align: justify\">\n\tPrecisamente este martes Arsuaga ha anunciado que la delegaci&oacute;n del Gobierno en Madrid les ha denegado el derecho de reuni&oacute;n para la manifestaci&oacute;n que tienen previsto celebrar este domingo 12 de marzo en la capital de Espa&ntilde;a.<\/p>\n<p style=\"text-align: justify\">\n\t&ldquo;La delegaci&oacute;n del Gobierno nos deniega el derecho de reuni&oacute;n. Se nos deniega manifestarnos este domingo a las 12 del mediod&iacute;a. Es un derecho amparado por la Constituci&oacute;n&rdquo;, ha afirmado.<\/p>\n<p style=\"text-align: justify\">\n\tSin embargo, el presidente de HazteOir.org ha adelantado que la decisi&oacute;n de la delegaci&oacute;n del Gobierno ya ha sido recurrida. &ldquo;Esta ma&ntilde;ana nuestros abogados han presentado un recurso para que el TSJM ampare nuestro derecho a manifestarnos&rdquo;. Si finalmente se celebra la manifestaci&oacute;n comenzar&iacute;a en la plaza de Neptuno y acabar&iacute;a en Cibeles ante la puerta del ayuntamiento.<\/p>\n<p style=\"text-align: justify\">\n\tEl factor Dancausa<\/p>\n<p style=\"text-align: justify\">\n\tArsuaga cree que esta denegaci&oacute;n de los derechos m&aacute;s fundamentales se explica por qui&eacute;n es la persona que ocupa la delegaci&oacute;n del Gobierno: Concepci&oacute;n Dancausa. &ldquo;Hay que recordar que Dancausa pidi&oacute; un informe a la abogac&iacute;a del Estado e inst&oacute; a la Fiscal&iacute;a para que nos acusaran de delito de odio para secuestrar el primer autob&uacute;s&rdquo;.<\/p>\n<p style=\"text-align: justify\">\n\tEn cuanto a la campa&ntilde;a lanzada con este nuevo autob&uacute;s el presidente de HazteOir.org ha aclarado que se trata de un nuevo veh&iacute;culo y no del primero. &ldquo;No es el primer autob&uacute;s redecorado, ese sigue secuestrado por la polic&iacute;a municipal&rdquo;.<\/p>\n<p style=\"text-align: justify\">\n\tPor este motivo Arsuaga espera poder quitar la pegatina de censura y poder mostrar la frase original de &lsquo;los ni&ntilde;os tienen pene y las ni&ntilde;as vulva&rsquo;. &ldquo;Parece mentira que en Espa&ntilde;a, en el siglo XXI, hayamos vuelto a la censura, eso es lo que est&aacute; ocurriendo. Por eso el nuevo lema del bus es &ldquo;los ni&ntilde;os tienen censurado, las ni&ntilde;as tienen censurado&rdquo;.<\/p>\n<p style=\"text-align: justify\">\n\tEl presidente de la plataforma provida ha explicado as&iacute; el cambio de lema en el autob&uacute;s: &ldquo;Esta campa&ntilde;a que se inici&oacute; para reivindicar el derecho de los padres a elegir libremente la educaci&oacute;n de sus hijos ha dado un giro inesperado, ahora la cuesti&oacute;n fundamental es la libertad de expresi&oacute;n. Ambos derechos est&aacute;n recogidos en la Constituci&oacute;n espa&ntilde;ola&rdquo;.<\/p>\n<p style=\"text-align: justify\">\n\tEste primer autob&uacute;s va a recorrer Madrid durante esta semana y en la siguiente acudir&aacute; a Barcelona, Valencia, Zaragoza, Pamplona, San Sebasti&aacute;n, Bilbao y Vitoria. &ldquo;Precisamente porque nos hemos encontrado con la intolerancia y dictadura de una administraci&oacute;n local que no admite ideas contrarias a la suya en la calle hemos decidido ampliar la campa&ntilde;a&rdquo;, ha concluido el presidente de HazteOir.org.<\/p>\n<p style=\"text-align: justify\">\n\tPublicado originalmente en Actuall.<\/p>\n<p style=\"text-align: justify\">\n\tTambi&eacute;n te puede interesar:<\/p>\n<p style=\"text-align: justify\">\n\t\tEx Presidente del Tribunal Constitucional de Per&uacute;: Se nace hombre o mujer https:\/\/t.co\/gYAKxZRPJf<\/p>\n<p>\t&mdash; ACI Prensa (@aciprensa) 7 de marzo de 2017<\/p>\n","protected":false},"excerpt":{"rendered":"<p>MADRID, 07 Mar. 17 (ACI\/Actuall).- El Presidente de HazteOir.org, Ignacio Arsuaga, ha atendido a los medios de comunicaci&oacute;n antes de poner en marcha el tercer veh&iacute;culo de la asociaci&oacute;n para reivindicar la libertad de expresi&oacute;n y el derecho de los padres a educar a los hijos sin la intromisi&oacute;n y el adoctrinamiento del Estado. En &hellip; <a href=\"https:\/\/www.biblia.work\/noticias\/hazteoir-presenta-nuevo-autobus-contra-la-ideologia-de-genero-y-denuncia-censura\/\" class=\"more-link\">Continuar leyendo<span class=\"screen-reader-text\"> \u00abHazteO\u00edr presenta nuevo autob\u00fas contra la ideolog\u00eda de g\u00e9nero y denuncia censura\u00bb<\/span><\/a><\/p>\n","protected":false},"author":1,"featured_media":0,"comment_status":"open","ping_status":"closed","sticky":false,"template":"","format":"standard","meta":{"footnotes":""},"categories":[1],"tags":[],"class_list":["post-12507","post","type-post","status-publish","format-standard","hentry","category-general"],"_links":{"self":[{"href":"https:\/\/www.biblia.work\/noticias\/wp-json\/wp\/v2\/posts\/12507","targetHints":{"allow":["GET"]}}],"collection":[{"href":"https:\/\/www.biblia.work\/noticias\/wp-json\/wp\/v2\/posts"}],"about":[{"href":"https:\/\/www.biblia.work\/noticias\/wp-json\/wp\/v2\/types\/post"}],"author":[{"embeddable":true,"href":"https:\/\/www.biblia.work\/noticias\/wp-json\/wp\/v2\/users\/1"}],"replies":[{"embeddable":true,"href":"https:\/\/www.biblia.work\/noticias\/wp-json\/wp\/v2\/comments?post=12507"}],"version-history":[{"count":0,"href":"https:\/\/www.biblia.work\/noticias\/wp-json\/wp\/v2\/posts\/12507\/revisions"}],"wp:attachment":[{"href":"https:\/\/www.biblia.work\/noticias\/wp-json\/wp\/v2\/media?parent=12507"}],"wp:term":[{"taxonomy":"category","embeddable":true,"href":"https:\/\/www.biblia.work\/noticias\/wp-json\/wp\/v2\/categories?post=12507"},{"taxonomy":"post_tag","embeddable":true,"href":"https:\/\/www.biblia.work\/noticias\/wp-json\/wp\/v2\/tags?post=12507"}],"curies":[{"name":"wp","href":"https:\/\/api.w.org\/{rel}","templated":true}]}}