{"id":12510,"date":"2017-03-07T11:10:03","date_gmt":"2017-03-07T16:10:03","guid":{"rendered":"http:\/\/www.biblia.work\/noticias\/gobierno-destruye-iglesias-por-temor-a-que-musulmanes-se-conviertan\/"},"modified":"2017-03-07T11:10:03","modified_gmt":"2017-03-07T16:10:03","slug":"gobierno-destruye-iglesias-por-temor-a-que-musulmanes-se-conviertan","status":"publish","type":"post","link":"https:\/\/www.biblia.work\/noticias\/gobierno-destruye-iglesias-por-temor-a-que-musulmanes-se-conviertan\/","title":{"rendered":"Gobierno destruye iglesias por temor a que musulmanes se conviertan"},"content":{"rendered":"<p style=\"text-align: justify\">SUD\u00c1N. &#8211; Michael Yat y Peter Reith son pastores en el sur de Sud\u00e1n, pero ambos fueron detenidos en el vecino Sud\u00e1n. Ellos estuvieron encarcelados durante m\u00e1s de dos a\u00f1os, y casi fueron condenados a muerte. Contra ellos se levantaron varios cargos graves como los delitos contra creencias religiosas y la promoci\u00f3n del odio religioso. Pero lo que realmente preocupa es que se le acus\u00f3 de espionaje, pues estaban en el pa\u00eds vecino por actividades relacionadas con la iglesia.<\/p>\n<p style=\"text-align: justify\">Como Sud\u00e1n es predominantemente isl\u00e1mica, se encontraron en medio de la misma guerra religiosa que divide a los dos pa\u00edses desde el 2011. Sin embargo, nada fue probado y por fin los pastores lograron liberarlos a principios de este a\u00f1o.<\/p>\n<p style=\"text-align: justify\">Ahora, en una entrevista para la misi\u00f3n de International Christian Concern, los dos ministros hablaron de lo que sucede en el pa\u00eds. Yat cuenta de que fue detenido un d\u00eda despu\u00e9s de predicar en una iglesia en la capital, Jartum. &#8220;No ten\u00eda ni idea de que Sud\u00e1n ha declarado la guerra contra los cristianos&#8221;, dice. Durante el tiempo en que fue detenido habl\u00f3 con mucha gente y oy\u00f3 una gran cantidad de cosas sobre las autoridades.<\/p>\n<p style=\"text-align: justify\">Seg\u00fan \u00e9l, el gobierno de Sud\u00e1n no quiere cristianos en el pa\u00eds, especialmente los que puedan hablar con fluidez el \u00e1rabe, por &#8220;temor a que se puede llegar f\u00e1cilmente a los musulmanes y ganarlos para Cristo&#8221;.<\/p>\n<p style=\"text-align: justify\">\u00c9l insiste en que esta es la verdadera raz\u00f3n por la cual Sud\u00e1n est\u00e1 demoliendo iglesias y deteniendo a todos los l\u00edderes cristianos por un simple motivo: el temor de que los musulmanes deban recurrir a Jesucristo. &#8220;Ellos no permiten que los pastores lleguen a los musulmanes en Jartum, Darfur y las monta\u00f1as de Nuba, \u00e1reas estrictamente dominadas por los musulmanes&#8221;, dice.<\/p>\n<p style=\"text-align: justify\">El pastor Reith recuerda que todos viv\u00edan en un s\u00f3lo pa\u00eds, pero el Norte ha sido hist\u00f3ricamente dominado por los islamistas. Una sangrienta guerra que dur\u00f3 unos 12 a\u00f1os. Al final, el sur de Sud\u00e1n obtuvo su independencia y muchos cristianos se trasladaron all\u00ed, huyendo de la persecuci\u00f3n.<\/p>\n<p style=\"text-align: justify\">A pesar de que la paz ha sido declarada hace seis a\u00f1os, Sud\u00e1n sigue imponiendo su dura persecuci\u00f3n contra los cristianos que permanecen en el pa\u00eds. En los \u00faltimos meses, decenas de pastores fueron detenidos por el gobierno de Sud\u00e1n, la mayor\u00eda falsamente acusados \u200b\u200bde actuar contra la seguridad nacional.<\/p>\n<p style=\"text-align: justify\">Sud\u00e1n aparece en la lista de Puertas Abiertas como el quinto pa\u00eds con m\u00e1s persecuci\u00f3n en el mundo este a\u00f1o 2017. Desde 1993, siempre ha aparecido en el top 20, seg\u00fan publica <a target=\"_blank\" rel=\"nofollow\" href=\"http:\/\/www.christianpost.com\/news\/sudan-fears-muslims-will-be-led-jesus-declares-war-against-christians-pastor-176175\/\">Christian Post.<\/a><\/p>\n<p style=\"text-align: justify\">La entrada <a rel=\"nofollow\" href=\"http:\/\/www.noticiacristiana.com\/sociedad\/persecuciones\/2017\/03\/destruyen-iglesias-musulmanes-conviertan.html\">Gobierno destruye iglesias por temor a que musulmanes se conviertan<\/a> aparece primero en <a rel=\"nofollow\" href=\"http:\/\/www.noticiacristiana.com\">NoticiaCristiana.com<\/a>.<\/p>\n","protected":false},"excerpt":{"rendered":"<p>SUD\u00c1N. &#8211; Michael Yat y Peter Reith son pastores en el sur de Sud\u00e1n, pero ambos fueron detenidos en el vecino Sud\u00e1n. Ellos estuvieron encarcelados durante m\u00e1s de dos a\u00f1os, y casi fueron condenados a muerte. Contra ellos se levantaron varios cargos graves como los delitos contra creencias religiosas y la promoci\u00f3n del odio religioso. &hellip; <a href=\"https:\/\/www.biblia.work\/noticias\/gobierno-destruye-iglesias-por-temor-a-que-musulmanes-se-conviertan\/\" class=\"more-link\">Continuar leyendo<span class=\"screen-reader-text\"> \u00abGobierno destruye iglesias por temor a que musulmanes se conviertan\u00bb<\/span><\/a><\/p>\n","protected":false},"author":1,"featured_media":0,"comment_status":"open","ping_status":"closed","sticky":false,"template":"","format":"standard","meta":{"footnotes":""},"categories":[1],"tags":[],"class_list":["post-12510","post","type-post","status-publish","format-standard","hentry","category-general"],"_links":{"self":[{"href":"https:\/\/www.biblia.work\/noticias\/wp-json\/wp\/v2\/posts\/12510","targetHints":{"allow":["GET"]}}],"collection":[{"href":"https:\/\/www.biblia.work\/noticias\/wp-json\/wp\/v2\/posts"}],"about":[{"href":"https:\/\/www.biblia.work\/noticias\/wp-json\/wp\/v2\/types\/post"}],"author":[{"embeddable":true,"href":"https:\/\/www.biblia.work\/noticias\/wp-json\/wp\/v2\/users\/1"}],"replies":[{"embeddable":true,"href":"https:\/\/www.biblia.work\/noticias\/wp-json\/wp\/v2\/comments?post=12510"}],"version-history":[{"count":0,"href":"https:\/\/www.biblia.work\/noticias\/wp-json\/wp\/v2\/posts\/12510\/revisions"}],"wp:attachment":[{"href":"https:\/\/www.biblia.work\/noticias\/wp-json\/wp\/v2\/media?parent=12510"}],"wp:term":[{"taxonomy":"category","embeddable":true,"href":"https:\/\/www.biblia.work\/noticias\/wp-json\/wp\/v2\/categories?post=12510"},{"taxonomy":"post_tag","embeddable":true,"href":"https:\/\/www.biblia.work\/noticias\/wp-json\/wp\/v2\/tags?post=12510"}],"curies":[{"name":"wp","href":"https:\/\/api.w.org\/{rel}","templated":true}]}}