{"id":12517,"date":"2017-03-07T13:15:02","date_gmt":"2017-03-07T18:15:02","guid":{"rendered":"http:\/\/www.biblia.work\/noticias\/la-4a-edicion-de-voices-of-faith-en-el-vaticano-en-el-dia-de-la-mujer\/"},"modified":"2017-03-07T13:15:02","modified_gmt":"2017-03-07T18:15:02","slug":"la-4a-edicion-de-voices-of-faith-en-el-vaticano-en-el-dia-de-la-mujer","status":"publish","type":"post","link":"https:\/\/www.biblia.work\/noticias\/la-4a-edicion-de-voices-of-faith-en-el-vaticano-en-el-dia-de-la-mujer\/","title":{"rendered":"La 4\u00aa edici\u00f3n de \u201cVoices of Faith\u201d en el Vaticano, en el D\u00eda de la Mujer"},"content":{"rendered":"<p style=\"text-align: justify\">(ZENIT- Ciudad del Vaticano).- La 4\u00ba edici\u00f3n del evento \u201cVoices of Faith\u201d (voces de la fe) se realiza este mi\u00e9rcoles 8 de marzo en el Vaticano, con motivo del D\u00eda internacional de la Mujer.<\/p>\n<p style=\"text-align: justify\">Entre los organizadores est\u00e1 la Fundaci\u00f3n Fidel Gotz, y su directora, Chantal, se\u00f1al\u00f3 que se quiere reconocer a las mujeres que en diversos pa\u00edses del mundo creen en la necesidad del di\u00e1logo, de puentes y de la colaboraci\u00f3n que supere las propias fronteras, para as\u00ed construir un mundo mejor.<\/p>\n<p style=\"text-align: justify\">La apoyan en esta iniciativa el Servicio de los Jesuitas para los Refugiados y la C\u00e1ritas Internacional, adem\u00e1s de otras asociaciones.<\/p>\n<p style=\"text-align: justify\">Los principales oradores de esta edici\u00f3n, son ocho mujeres de diversas partes del mundo, entre las cuales Margarithe Barankitse de Burundi, fundadora de la Casa Shalom; Mireille Twanigira, m\u00e9dico en Malawi, Paula Moreno, fundadora y presidenta de Manos Visibles (Colombia); Simone Campbell, directora de la Reded Internacional Lobby for Catholick Social Justice.<\/p>\n<p style=\"text-align: justify\">Tambi\u00e9n estar\u00e1 presente durante el evento, el superior geral dos Jesu\u00edtas, el padre Arturo Sosa Abascal.<\/p>\n<p style=\"text-align: justify\">A las 11 de la ma\u00f1ana se celebra en el Vaticano una misa en la iglesia de Santa Mar\u00eda Reina de la Familia, a la cual quien desee podr\u00e1 asistir. Y a las 14 horas, en la Casina Pio IV, en los jardines del vaticano, iniciar\u00e1 el encuentro, que podr\u00e1 ser seguido en directo en internet, en la web: www.voicesoffaith.org.<\/p>\n<p><span class=\"et_bloom_bottom_trigger\"><\/span><\/p>\n<p><a href=\"https:\/\/es.zenit.org\/\" target=\"_blank\" rel=\"nofollow\">Fuente: es.zenit.org<\/a><\/p>\n","protected":false},"excerpt":{"rendered":"<p>(ZENIT- Ciudad del Vaticano).- La 4\u00ba edici\u00f3n del evento \u201cVoices of Faith\u201d (voces de la fe) se realiza este mi\u00e9rcoles 8 de marzo en el Vaticano, con motivo del D\u00eda internacional de la Mujer. Entre los organizadores est\u00e1 la Fundaci\u00f3n Fidel Gotz, y su directora, Chantal, se\u00f1al\u00f3 que se quiere reconocer a las mujeres que &hellip; <a href=\"https:\/\/www.biblia.work\/noticias\/la-4a-edicion-de-voices-of-faith-en-el-vaticano-en-el-dia-de-la-mujer\/\" class=\"more-link\">Continuar leyendo<span class=\"screen-reader-text\"> \u00abLa 4\u00aa edici\u00f3n de \u201cVoices of Faith\u201d en el Vaticano, en el D\u00eda de la Mujer\u00bb<\/span><\/a><\/p>\n","protected":false},"author":1,"featured_media":0,"comment_status":"open","ping_status":"closed","sticky":false,"template":"","format":"standard","meta":{"footnotes":""},"categories":[1],"tags":[],"class_list":["post-12517","post","type-post","status-publish","format-standard","hentry","category-general"],"_links":{"self":[{"href":"https:\/\/www.biblia.work\/noticias\/wp-json\/wp\/v2\/posts\/12517","targetHints":{"allow":["GET"]}}],"collection":[{"href":"https:\/\/www.biblia.work\/noticias\/wp-json\/wp\/v2\/posts"}],"about":[{"href":"https:\/\/www.biblia.work\/noticias\/wp-json\/wp\/v2\/types\/post"}],"author":[{"embeddable":true,"href":"https:\/\/www.biblia.work\/noticias\/wp-json\/wp\/v2\/users\/1"}],"replies":[{"embeddable":true,"href":"https:\/\/www.biblia.work\/noticias\/wp-json\/wp\/v2\/comments?post=12517"}],"version-history":[{"count":0,"href":"https:\/\/www.biblia.work\/noticias\/wp-json\/wp\/v2\/posts\/12517\/revisions"}],"wp:attachment":[{"href":"https:\/\/www.biblia.work\/noticias\/wp-json\/wp\/v2\/media?parent=12517"}],"wp:term":[{"taxonomy":"category","embeddable":true,"href":"https:\/\/www.biblia.work\/noticias\/wp-json\/wp\/v2\/categories?post=12517"},{"taxonomy":"post_tag","embeddable":true,"href":"https:\/\/www.biblia.work\/noticias\/wp-json\/wp\/v2\/tags?post=12517"}],"curies":[{"name":"wp","href":"https:\/\/api.w.org\/{rel}","templated":true}]}}