{"id":12519,"date":"2017-03-07T14:15:02","date_gmt":"2017-03-07T19:15:02","guid":{"rendered":"http:\/\/www.biblia.work\/noticias\/el-papa-realizo-el-segundo-dia-de-los-ejercicios-espirituales\/"},"modified":"2017-03-07T14:15:02","modified_gmt":"2017-03-07T19:15:02","slug":"el-papa-realizo-el-segundo-dia-de-los-ejercicios-espirituales","status":"publish","type":"post","link":"https:\/\/www.biblia.work\/noticias\/el-papa-realizo-el-segundo-dia-de-los-ejercicios-espirituales\/","title":{"rendered":"El Papa realiz\u00f3 el segundo d\u00eda de los ejercicios espirituales"},"content":{"rendered":"<p style=\"text-align: justify\">(ZENIT- Roma).- El papa Francisco realiz\u00f3 este martes en la casa de retiros <em>Divin Maestro<\/em>, su segundo d\u00eda de retiro. Situada a pocos kil\u00f3metros de Roma, en la zona de los llamados &#8216;Castelli Romani&#8217;, la estructura de los Paulinos est\u00e1 alojando al Santo Padre y a unos 70 de sus colaboradores cercanos de la Curia Romana.<\/p>\n<p style=\"text-align: justify\">El sacerdote franciscano, Giulio Michellini realiz\u00f3 ayer lunes por la tarde la segunda meditaci\u00f3n: \u201cPan y cuerpo, vino y sangre\u201d, Matteo, 26, 20-35) y hoy por la ma\u00f1ana : \u00abLas \u00faltimas palabras de Jes\u00fas y el inicio de la pas\u00edon\u00bb (Matteo, 26, 1-19).<\/p>\n<p style=\"text-align: justify\">Entre las invitaciones a reflexionar realizadas por el fraile menor, est\u00e1 la de la divisi\u00f3n de los cristianos: \u201cC\u00f3mo es posible que nosotros cristianos que deber\u00edamos encontrar la unidad justamente entorno a la cena, reproducimos como la Comunidad de Corinto, din\u00e1micas divisorias\u201d.<\/p>\n<p style=\"text-align: justify\">El predicador invit\u00f3 tambi\u00e9n a preguntarnos \u201csi somos conscientes de que Jes\u00fas derramando su sangre ha realmente, con la propia vida y no solamente con las palabras, dicho y dado el perd\u00f3n de Dios\u201d.<\/p>\n<p style=\"text-align: justify\">En la meditaci\u00f3n de este martes por la ma\u00f1ana, el franciscano profundiz\u00f3 la \u201cdimensi\u00f3n teol\u00f3gica, antropol\u00f3gica y existencial del comer juntos\u201d. Y analiz\u00f3 \u201clas palabras de Jes\u00fas sobe el pan y sobre el c\u00e1liz\u201d, indicando \u201ctambi\u00e9n la traici\u00f3n de Judas y la profec\u00eda del abandono\u201d.<\/p>\n<p style=\"text-align: justify\">Los ejercicios espirituales durar\u00e1n hasta el viernes por la ma\u00f1ana.<\/p>\n<p style=\"text-align: justify\">Leer tambi\u00e9n:<\/p>\n<h5 class=\"western\"><span style=\"color: #3366ff\"><a style=\"color: #3366ff\" href=\"https:\/\/es.zenit.org\/articles\/fray-michelini-en-los-ejercicios-de-cuaresma-le-hablare-al-papa-de-la-humanidad-de-jesus\/\"><span style=\"font-family: 'Source Sans Pro'\"><span style=\"font-size: medium\"><b>Fray Michelini: le hablar\u00e9 al Papa durante los Ejercicios de cuaresma, de la humanidad de Jes\u00fas<\/b><\/span><\/span><\/a><\/span><\/h5>\n<p><span class=\"et_bloom_bottom_trigger\"><\/span><\/p>\n<p><a href=\"https:\/\/es.zenit.org\/\" target=\"_blank\" rel=\"nofollow\">Fuente: es.zenit.org<\/a><\/p>\n","protected":false},"excerpt":{"rendered":"<p>(ZENIT- Roma).- El papa Francisco realiz\u00f3 este martes en la casa de retiros Divin Maestro, su segundo d\u00eda de retiro. Situada a pocos kil\u00f3metros de Roma, en la zona de los llamados &#8216;Castelli Romani&#8217;, la estructura de los Paulinos est\u00e1 alojando al Santo Padre y a unos 70 de sus colaboradores cercanos de la Curia &hellip; <a href=\"https:\/\/www.biblia.work\/noticias\/el-papa-realizo-el-segundo-dia-de-los-ejercicios-espirituales\/\" class=\"more-link\">Continuar leyendo<span class=\"screen-reader-text\"> \u00abEl Papa realiz\u00f3 el segundo d\u00eda de los ejercicios espirituales\u00bb<\/span><\/a><\/p>\n","protected":false},"author":1,"featured_media":0,"comment_status":"open","ping_status":"closed","sticky":false,"template":"","format":"standard","meta":{"footnotes":""},"categories":[1],"tags":[],"class_list":["post-12519","post","type-post","status-publish","format-standard","hentry","category-general"],"_links":{"self":[{"href":"https:\/\/www.biblia.work\/noticias\/wp-json\/wp\/v2\/posts\/12519","targetHints":{"allow":["GET"]}}],"collection":[{"href":"https:\/\/www.biblia.work\/noticias\/wp-json\/wp\/v2\/posts"}],"about":[{"href":"https:\/\/www.biblia.work\/noticias\/wp-json\/wp\/v2\/types\/post"}],"author":[{"embeddable":true,"href":"https:\/\/www.biblia.work\/noticias\/wp-json\/wp\/v2\/users\/1"}],"replies":[{"embeddable":true,"href":"https:\/\/www.biblia.work\/noticias\/wp-json\/wp\/v2\/comments?post=12519"}],"version-history":[{"count":0,"href":"https:\/\/www.biblia.work\/noticias\/wp-json\/wp\/v2\/posts\/12519\/revisions"}],"wp:attachment":[{"href":"https:\/\/www.biblia.work\/noticias\/wp-json\/wp\/v2\/media?parent=12519"}],"wp:term":[{"taxonomy":"category","embeddable":true,"href":"https:\/\/www.biblia.work\/noticias\/wp-json\/wp\/v2\/categories?post=12519"},{"taxonomy":"post_tag","embeddable":true,"href":"https:\/\/www.biblia.work\/noticias\/wp-json\/wp\/v2\/tags?post=12519"}],"curies":[{"name":"wp","href":"https:\/\/api.w.org\/{rel}","templated":true}]}}