{"id":12524,"date":"2017-03-07T17:05:02","date_gmt":"2017-03-07T22:05:02","guid":{"rendered":"http:\/\/www.biblia.work\/noticias\/este-pais-tendra-uno-de-los-monumentos-mas-grandes-del-mundo-dedicado-a-la-virgen-maria\/"},"modified":"2017-03-07T17:05:02","modified_gmt":"2017-03-07T22:05:02","slug":"este-pais-tendra-uno-de-los-monumentos-mas-grandes-del-mundo-dedicado-a-la-virgen-maria","status":"publish","type":"post","link":"https:\/\/www.biblia.work\/noticias\/este-pais-tendra-uno-de-los-monumentos-mas-grandes-del-mundo-dedicado-a-la-virgen-maria\/","title":{"rendered":"Este pa\u00eds tendr\u00e1 uno de los monumentos m\u00e1s grandes del mundo dedicado a la Virgen Mar\u00eda"},"content":{"rendered":"<p> ZAGREB, 07 Mar. 17 (ACI).-<br \/>\n\tUna imagen de Nuestra Se&ntilde;ora de Loreto que tendr&aacute; una altura de 17 metros se construye en la ciudad de Primosten en Croacia, un monumento que ser&aacute; de los m&aacute;s grandes del mundo construido en honor a la Virgen Mar&iacute;a.<\/p>\n<p style=\"text-align: justify\">\n\t&ldquo;Este proyecto es &uacute;nico en Croacia y m&aacute;s all&aacute;&rdquo;, dijeron desde la Municipalidad de Primosten, seg&uacute;n informa el diario Total Croatia News.<\/p>\n<p style=\"text-align: justify\">\n<p style=\"text-align: justify\">\n\t&ldquo;Ha sido objeto de gran inter&eacute;s y la bendici&oacute;n nos la ha dado la Santa Sede y el Papa Francisco&rdquo;, agregaron.<\/p>\n<p style=\"text-align: justify\">\n\tLos habitantes de Primosten son conocidos por tener una particular devoci&oacute;n a la Virgen de Loreto. En honor a ella realizan una celebraci&oacute;n especial los d&iacute;as 9 y 10 de mayo.<\/p>\n<p style=\"text-align: justify\">\n\tEl tama&ntilde;o de la imagen permitir&aacute; que, con el cielo despejado, pueda ser apreciada desde la costa italiana que se encuentra cerca.<\/p>\n<p style=\"text-align: justify\">\n\tLa construcci&oacute;n de la imagen se hace en colaboraci&oacute;n con La V&iacute;a Lauretana, una iniciativa que permite conectar los santuarios marianos en Europa, un esfuerzo conjunto con el Itinerario Europeo Cultural de la Iniciativa del Consejo de Europa.<\/p>\n<p style=\"text-align: justify\">\n<p style=\"text-align: justify\">\n\tEn este sentido, el alcalde de Primosten, Stipe Petrina, se ha reunido con diversos l&iacute;deres de la V&iacute;a Lauretana para ayudar a unir los santuarios marianos en Italia y Croacia, para promover el turismo sostenible y el desarrollo.<\/p>\n<p style=\"text-align: justify\">\n\tNuestra Se&ntilde;ora de Loreto es una advocaci&oacute;n mariana ligada a la historia de la traslaci&oacute;n de la casa donde vivi&oacute; la Virgen Mar&iacute;a, hacia Loreto en Italia, en donde actualmente se erige un santuario en su honor.<\/p>\n<p style=\"text-align: justify\">\n\tTambi&eacute;n te puede interesar:<\/p>\n<p style=\"text-align: justify\">\n\t\tHoy se celebra Fiesta de la Traslaci&oacute;n de la Casa de la Virgen de Loreto https:\/\/t.co\/tyBqhSOeiu<\/p>\n<p>\t&mdash; ACI Prensa (@aciprensa) 10 de diciembre de 2016<\/p>\n<p style=\"text-align: justify\">\n\t&nbsp;<\/p>\n","protected":false},"excerpt":{"rendered":"<p>ZAGREB, 07 Mar. 17 (ACI).- Una imagen de Nuestra Se&ntilde;ora de Loreto que tendr&aacute; una altura de 17 metros se construye en la ciudad de Primosten en Croacia, un monumento que ser&aacute; de los m&aacute;s grandes del mundo construido en honor a la Virgen Mar&iacute;a. &ldquo;Este proyecto es &uacute;nico en Croacia y m&aacute;s all&aacute;&rdquo;, dijeron &hellip; <a href=\"https:\/\/www.biblia.work\/noticias\/este-pais-tendra-uno-de-los-monumentos-mas-grandes-del-mundo-dedicado-a-la-virgen-maria\/\" class=\"more-link\">Continuar leyendo<span class=\"screen-reader-text\"> \u00abEste pa\u00eds tendr\u00e1 uno de los monumentos m\u00e1s grandes del mundo dedicado a la Virgen Mar\u00eda\u00bb<\/span><\/a><\/p>\n","protected":false},"author":1,"featured_media":0,"comment_status":"open","ping_status":"closed","sticky":false,"template":"","format":"standard","meta":{"footnotes":""},"categories":[1],"tags":[],"class_list":["post-12524","post","type-post","status-publish","format-standard","hentry","category-general"],"_links":{"self":[{"href":"https:\/\/www.biblia.work\/noticias\/wp-json\/wp\/v2\/posts\/12524","targetHints":{"allow":["GET"]}}],"collection":[{"href":"https:\/\/www.biblia.work\/noticias\/wp-json\/wp\/v2\/posts"}],"about":[{"href":"https:\/\/www.biblia.work\/noticias\/wp-json\/wp\/v2\/types\/post"}],"author":[{"embeddable":true,"href":"https:\/\/www.biblia.work\/noticias\/wp-json\/wp\/v2\/users\/1"}],"replies":[{"embeddable":true,"href":"https:\/\/www.biblia.work\/noticias\/wp-json\/wp\/v2\/comments?post=12524"}],"version-history":[{"count":0,"href":"https:\/\/www.biblia.work\/noticias\/wp-json\/wp\/v2\/posts\/12524\/revisions"}],"wp:attachment":[{"href":"https:\/\/www.biblia.work\/noticias\/wp-json\/wp\/v2\/media?parent=12524"}],"wp:term":[{"taxonomy":"category","embeddable":true,"href":"https:\/\/www.biblia.work\/noticias\/wp-json\/wp\/v2\/categories?post=12524"},{"taxonomy":"post_tag","embeddable":true,"href":"https:\/\/www.biblia.work\/noticias\/wp-json\/wp\/v2\/tags?post=12524"}],"curies":[{"name":"wp","href":"https:\/\/api.w.org\/{rel}","templated":true}]}}