{"id":12532,"date":"2017-03-08T06:15:02","date_gmt":"2017-03-08T11:15:02","guid":{"rendered":"http:\/\/www.biblia.work\/noticias\/la-hospitalidad-evangelica-de-los-hermanos-de-san-juan-de-dios-sea-en-el-vaticano-que-en-las-periferias-del-mundo-ii\/"},"modified":"2017-03-08T06:15:02","modified_gmt":"2017-03-08T11:15:02","slug":"la-hospitalidad-evangelica-de-los-hermanos-de-san-juan-de-dios-sea-en-el-vaticano-que-en-las-periferias-del-mundo-ii","status":"publish","type":"post","link":"https:\/\/www.biblia.work\/noticias\/la-hospitalidad-evangelica-de-los-hermanos-de-san-juan-de-dios-sea-en-el-vaticano-que-en-las-periferias-del-mundo-ii\/","title":{"rendered":"La hospitalidad evang\u00e9lica de los hermanos de San Juan de Dios: sea en el Vaticano que en las periferias del mundo (II)"},"content":{"rendered":"<p style=\"text-align: justify\">(ZENIT &#8211; Roma).- Presentamos la segunda parte de la entrevista a fray Alain-Samuel Jeancler, responsable en Francia de la Orden Hospitalaria de San Juan de Dios.<\/p>\n<p style=\"text-align: justify\">Una comunidad que trabaja sea en las periferias, como en Madagascar o con lo consultorios m\u00f3viles, sea en el coraz\u00f3n del Vaticano, con su farmacia frecuentada por toda Roma. Y evoca una virtud demasiado olvidada pero propicia para revitalizar el tejido social: la hospitalidad evang\u00e9lica.\u00a0El ejemplo m\u00e1s bello y reciente de esta Hospitalidad incondicional fue la que mostraron los 4 hermanos que dieron su vida cuidando a los enfermos del virus Ebola, en 2014, en Sierra Leona y Liberia.<\/p>\n<p style=\"text-align: justify\"><span lang=\"es-ES\"><strong>\u00bfPuede darnos algunas indicaciones geogr\u00e1ficas y ejemplos de compromiso sobre el terreno que ilustren su acci\u00f3n?<\/strong><br \/>\n&#8212; Hermano Alain-Samuel: Estamos presentes en los 5 continentes mediante 454 centros sanitarios, sociales y m\u00e9dico-sociales adaptados a las exigencias de las pol\u00edticas locales, pero tambi\u00e9n y sobre todo a las necesidades de las personas que vienen a nuestras casas. La \u00faltima casa que ha fundado la Orden, el a\u00f1o pasado, ha sido un centro de rehabilitaci\u00f3n para enfermos psiqui\u00e1tricos en Madagascar. Llegamos al pa\u00eds en 2007, donde fundamos una comunidad y un dispensario. Con el paso del tiempo, y una vez los Hermanos ya se hab\u00edan puesto al servicio de las necesidades que se les presentaba en el terreno, detectaron un elevado n\u00famero de enfermos psiqui\u00e1tricos que sal\u00edan del \u00fanico hospital del pa\u00eds y que regresaban all\u00ed r\u00e1pidamente por falta de acompa\u00f1amiento para reinsertarse en la sociedad.<\/span><\/p>\n<p style=\"text-align: justify\">As\u00ed es como decidimos ofrecerles un sitio donde no solamente pudieran recibir cuidado, sino tambi\u00e9n a aprender un oficio, a convivir en sociedad y a reconstruirse f\u00edsica ps\u00edquica y espiritualmente.<br \/>\nEn estos momentos que somos testigos de la crisis de emigrantes en Europa, hemos instalado hospitales m\u00f3viles en Italia y en Eslovaquia para ofrecer primeros auxilios a las familias que llegan extenuadas despu\u00e9s de meses de huida.<br \/>\nAunque se remonta un poco m\u00e1s lejos en el tiempo, me gustar\u00eda citar el ejemplo de Fortunatus Thanhauser, un hermano alem\u00e1n que en los a\u00f1os 70 fue enviado en misi\u00f3n a la India para abrir un dispensario en una regi\u00f3n lejana de las monta\u00f1as de Kerala. Cuando vio la gran afluencia de personas que, a menudo, recorr\u00edan decenas de kil\u00f3metros para ir a ser visitados \u00a0o asistidos al dispensario, decidi\u00f3 construir un hospital. Actualmente es el m\u00e1s grande de la regi\u00f3n, \u00a1dando respuesta a una poblaci\u00f3n de casi 1 mill\u00f3n de personas!<br \/>\nTambi\u00e9n tenemos el primer centro de acogida nocturno de Europa, fundado hace m\u00e1s de 140 a\u00f1os en Marsella (Francia), en el que los hermanos contin\u00faan acogiendo, cada noche, unas 300 personas.<br \/>\nPodr\u00eda citar muchos m\u00e1s ejemplos de obras que administramos en todo el mundo, \u00a1pero la lista ser\u00eda demasiado larga! Todo esto es para mostrar que nuestras obras muestran la inquietud de la Iglesia por los que m\u00e1s lo necesitan. Es, en conclusi\u00f3n, la traducci\u00f3n de nuestro lema, &#8220;A trav\u00e9s de los cuerpos a las almas\u201d.<\/p>\n<p style=\"text-align: justify\"><strong>Y la farmacia del Vaticano, por ejemplo, es internacional y abierta a todos. \u00bfCu\u00e1l es el origen de esta misi\u00f3n?<\/strong><br \/>\n&#8212; Hermano Alain-Samuel: El hecho de vivir tanto en la casa de los papas como en el Vaticano sirve tambi\u00e9n de ejemplo para ilustrar la universalidad de nuestro carisma de Hospitalidad. Adem\u00e1s, lo que me fascina cada vez que visito cualquiera de nuestras casas es ver que, a pesar de las diferencias culturales de una comunidad u otra, todos vivimos la misma Hospitalidad.<\/p>\n<p style=\"text-align: justify\">La farmacia que administramos en el Vaticano la fundaron los Hermanos Hospitalarios en 1874, a petici\u00f3n del secretario de Estado de la \u00e9poca, el cardenal Antonelli. Una comunidad de Hermanos todav\u00eda vive all\u00ed, al lado de la Puerta Sainte-Anne, abasteciendo de cualquier producto que se puede encontrar en una farmacia convencional as\u00ed como de numerosas p\u00f3cimas que los Hermanos mismos fabrican y cuyo secreto s\u00f3lo ellos conocen. Dos Hermanos de esta comunidad tambi\u00e9n est\u00e1n al servicio de la salud de los papas Francisco y Benedicto XVI como enfermeros.<br \/>\nLos casi 1.100 Hermanos hospitalarios cuentan con la colaboraci\u00f3n de m\u00e1s de 60.000 laicos que le ayudan en su misi\u00f3n&#8230;<br \/>\nEn un momento en que Internet ha tomado un sitio preponderante en la vida de nuestra sociedad, para nosotros la familia sigue siendo la primera red social que no debemos olvidar y que hay que amar. Es a partir de esta constataci\u00f3n y a partir de experiencias de vidas familiares, que nuestra Orden ha querido, a su manera, reprender este tema de la familia para explotar la riqueza y extender el c\u00edrculo.<br \/>\nAs\u00ed es como en 2009, nuestro superior general nos invit\u00f3 a vivir la experiencia de Familia hospitalaria de San Juan de Dios, englobando, cada uno seg\u00fan su vocaci\u00f3n, Hermanos, colaboradores, voluntarios y personas acogidas en nuestros centros. Y as\u00ed como en cualquier familia, tratamos de vivir la misma experiencia de amor, aceptaci\u00f3n y perd\u00f3n mutuo.<\/p>\n<p style=\"text-align: justify\">\u00bfQui\u00e9n, mejor que una familia, sabe hablar este lenguaje del coraz\u00f3n en nuestras sociedades atomizadas, globalizadas y deshumanizadas? Dar vida y hacer vivir una realidad de Familia Hospitalaria en el mundo de hoy reviste un car\u00e1cter y un sentido profundo de solidaridad y de fraternidad humana.<br \/>\nCon motivo de esta Cuaresma que comienza, somos llamados a \u201cHacer familia&#8221;, a &#8220;ser familia&#8221;, estando a la escucha y a la disposici\u00f3n de una llamada m\u00e1s interior, la que Dios mismo nos invita a hacer su voluntad. \u00a1Y qu\u00e9 es esta voluntad, si no la de amarnos los unos otros como \u00e9l mismo nos quiso!<\/p>\n<p style=\"text-align: justify\">(Leer la primera parte de la entrevista)\u00a0<a target=\"_blank\" rel=\"nofollow\" href=\"https:\/\/es.zenit.org\/articles\/la-hospitalidad-evangelica-de-los-hermanos-de-san-juan-de-dios-tanto-en-el-vaticano-como-en-las-periferias-del-mundo-i\/\">La hospitalidad evang\u00e9lica de los hermanos de San Juan de Dios, tanto en el Vaticano como en las periferias del mundo (I)<\/a><\/p>\n<p><span class=\"et_bloom_bottom_trigger\"><\/span><\/p>\n<p><a href=\"https:\/\/es.zenit.org\/\" target=\"_blank\" rel=\"nofollow\">Fuente: es.zenit.org<\/a><\/p>\n","protected":false},"excerpt":{"rendered":"<p>(ZENIT &#8211; Roma).- Presentamos la segunda parte de la entrevista a fray Alain-Samuel Jeancler, responsable en Francia de la Orden Hospitalaria de San Juan de Dios. Una comunidad que trabaja sea en las periferias, como en Madagascar o con lo consultorios m\u00f3viles, sea en el coraz\u00f3n del Vaticano, con su farmacia frecuentada por toda Roma. &hellip; <a href=\"https:\/\/www.biblia.work\/noticias\/la-hospitalidad-evangelica-de-los-hermanos-de-san-juan-de-dios-sea-en-el-vaticano-que-en-las-periferias-del-mundo-ii\/\" class=\"more-link\">Continuar leyendo<span class=\"screen-reader-text\"> \u00abLa hospitalidad evang\u00e9lica de los hermanos de San Juan de Dios: sea en el Vaticano que en las periferias del mundo (II)\u00bb<\/span><\/a><\/p>\n","protected":false},"author":1,"featured_media":0,"comment_status":"open","ping_status":"closed","sticky":false,"template":"","format":"standard","meta":{"footnotes":""},"categories":[1],"tags":[],"class_list":["post-12532","post","type-post","status-publish","format-standard","hentry","category-general"],"_links":{"self":[{"href":"https:\/\/www.biblia.work\/noticias\/wp-json\/wp\/v2\/posts\/12532","targetHints":{"allow":["GET"]}}],"collection":[{"href":"https:\/\/www.biblia.work\/noticias\/wp-json\/wp\/v2\/posts"}],"about":[{"href":"https:\/\/www.biblia.work\/noticias\/wp-json\/wp\/v2\/types\/post"}],"author":[{"embeddable":true,"href":"https:\/\/www.biblia.work\/noticias\/wp-json\/wp\/v2\/users\/1"}],"replies":[{"embeddable":true,"href":"https:\/\/www.biblia.work\/noticias\/wp-json\/wp\/v2\/comments?post=12532"}],"version-history":[{"count":0,"href":"https:\/\/www.biblia.work\/noticias\/wp-json\/wp\/v2\/posts\/12532\/revisions"}],"wp:attachment":[{"href":"https:\/\/www.biblia.work\/noticias\/wp-json\/wp\/v2\/media?parent=12532"}],"wp:term":[{"taxonomy":"category","embeddable":true,"href":"https:\/\/www.biblia.work\/noticias\/wp-json\/wp\/v2\/categories?post=12532"},{"taxonomy":"post_tag","embeddable":true,"href":"https:\/\/www.biblia.work\/noticias\/wp-json\/wp\/v2\/tags?post=12532"}],"curies":[{"name":"wp","href":"https:\/\/api.w.org\/{rel}","templated":true}]}}