{"id":12535,"date":"2017-03-08T07:15:03","date_gmt":"2017-03-08T12:15:03","guid":{"rendered":"http:\/\/www.biblia.work\/noticias\/miercoles-tercer-dia-de-retiro-del-papa-francisco\/"},"modified":"2017-03-08T07:15:03","modified_gmt":"2017-03-08T12:15:03","slug":"miercoles-tercer-dia-de-retiro-del-papa-francisco","status":"publish","type":"post","link":"https:\/\/www.biblia.work\/noticias\/miercoles-tercer-dia-de-retiro-del-papa-francisco\/","title":{"rendered":"Mi\u00e9rcoles, tercer d\u00eda de retiro del papa Francisco"},"content":{"rendered":"<p style=\"text-align: justify\">(ZENIT- Roma, 8 Mar. 2017).- Este mi\u00e9rcoles no hubo audiencia general en la plaza de San Pedro, porque el papa Francisco se encuentra\u00a0participando a los ejercicios espirituales con motivo de la cuaresma, en la localidad de Ariccia, situada a unos 30 kil\u00f3metros de esta ciudad, en la casa de retiros Divin Maestro.<\/p>\n<p style=\"text-align: justify\">El retiro del Papa junto a unos 70 colaboradores de la Curia Romana, en la estructura de los Paulinos, inici\u00f3 el domingo 5 por la tarde con la introducci\u00f3n, en la que el sacerdote franciscano Giulio Michelini reflexion\u00f3 sobre &#8216;La confesi\u00f3n de Pedro y el camino de Jes\u00fas hacia Jerusal\u00e9n&#8217;.<\/p>\n<p style=\"text-align: justify\">El lunes fueron las dos primeras meditaciones, con el inicio de la Pasi\u00f3n, seguidas por otras dos el martes, sobre la oraci\u00f3n en Getsemani, el arresto de Jes\u00fas y la traici\u00f3n de Judas. Y hoy se centran en el proceso romano, la esposa de Pilatos y los sue\u00f1os de Dios.<\/p>\n<p style=\"text-align: justify\">El programa diario del retiro, inicia a las 7:30 de la ma\u00f1ana, con la santa misa. Una hora despu\u00e9s es el desayuno, y a las 9:30 el fraile menor\u00a0predica\u00a0la primera meditaci\u00f3n.<\/p>\n<p style=\"text-align: justify\">Despu\u00e9s viene almuerzo a las 12:30, y el programa retoma a las 16, con la segunda meditaci\u00f3n del d\u00eda.<\/p>\n<p style=\"text-align: justify\">Por la tarde, a las 18:00 se cantan las V\u00edsperas, seguida por la adoraci\u00f3n eucar\u00edstica.<\/p>\n<p style=\"text-align: justify\">La jornada del retiro concluye despu\u00e9s de la cena programada para las 19:30.<\/p>\n<p style=\"text-align: justify\">Esta pausa de reflexi\u00f3n y plegaria, por la cual el Santo Padre pidi\u00f3 oraciones despu\u00e9s de rezar el angelus, y en un tweet, concluye este viernes 10, con la \u00faltima meditaci\u00f3n.<\/p>\n<p><span class=\"et_bloom_bottom_trigger\"><\/span><\/p>\n<p><a href=\"https:\/\/es.zenit.org\/\" target=\"_blank\" rel=\"nofollow\">Fuente: es.zenit.org<\/a><\/p>\n","protected":false},"excerpt":{"rendered":"<p>(ZENIT- Roma, 8 Mar. 2017).- Este mi\u00e9rcoles no hubo audiencia general en la plaza de San Pedro, porque el papa Francisco se encuentra\u00a0participando a los ejercicios espirituales con motivo de la cuaresma, en la localidad de Ariccia, situada a unos 30 kil\u00f3metros de esta ciudad, en la casa de retiros Divin Maestro. El retiro del &hellip; <a href=\"https:\/\/www.biblia.work\/noticias\/miercoles-tercer-dia-de-retiro-del-papa-francisco\/\" class=\"more-link\">Continuar leyendo<span class=\"screen-reader-text\"> \u00abMi\u00e9rcoles, tercer d\u00eda de retiro del papa Francisco\u00bb<\/span><\/a><\/p>\n","protected":false},"author":1,"featured_media":0,"comment_status":"open","ping_status":"closed","sticky":false,"template":"","format":"standard","meta":{"footnotes":""},"categories":[1],"tags":[],"class_list":["post-12535","post","type-post","status-publish","format-standard","hentry","category-general"],"_links":{"self":[{"href":"https:\/\/www.biblia.work\/noticias\/wp-json\/wp\/v2\/posts\/12535","targetHints":{"allow":["GET"]}}],"collection":[{"href":"https:\/\/www.biblia.work\/noticias\/wp-json\/wp\/v2\/posts"}],"about":[{"href":"https:\/\/www.biblia.work\/noticias\/wp-json\/wp\/v2\/types\/post"}],"author":[{"embeddable":true,"href":"https:\/\/www.biblia.work\/noticias\/wp-json\/wp\/v2\/users\/1"}],"replies":[{"embeddable":true,"href":"https:\/\/www.biblia.work\/noticias\/wp-json\/wp\/v2\/comments?post=12535"}],"version-history":[{"count":0,"href":"https:\/\/www.biblia.work\/noticias\/wp-json\/wp\/v2\/posts\/12535\/revisions"}],"wp:attachment":[{"href":"https:\/\/www.biblia.work\/noticias\/wp-json\/wp\/v2\/media?parent=12535"}],"wp:term":[{"taxonomy":"category","embeddable":true,"href":"https:\/\/www.biblia.work\/noticias\/wp-json\/wp\/v2\/categories?post=12535"},{"taxonomy":"post_tag","embeddable":true,"href":"https:\/\/www.biblia.work\/noticias\/wp-json\/wp\/v2\/tags?post=12535"}],"curies":[{"name":"wp","href":"https:\/\/api.w.org\/{rel}","templated":true}]}}