{"id":12536,"date":"2017-03-08T09:05:02","date_gmt":"2017-03-08T14:05:02","guid":{"rendered":"http:\/\/www.biblia.work\/noticias\/el-papa-respondera-preguntas-de-ninos-en-su-proxima-visita-a-una-parroquia-en-roma\/"},"modified":"2017-03-08T09:05:02","modified_gmt":"2017-03-08T14:05:02","slug":"el-papa-respondera-preguntas-de-ninos-en-su-proxima-visita-a-una-parroquia-en-roma","status":"publish","type":"post","link":"https:\/\/www.biblia.work\/noticias\/el-papa-respondera-preguntas-de-ninos-en-su-proxima-visita-a-una-parroquia-en-roma\/","title":{"rendered":"El Papa responder\u00e1 preguntas de ni\u00f1os en su pr\u00f3xima visita a una parroquia en Roma"},"content":{"rendered":"<p> VATICANO, 08 Mar. 17 (ACI).-<br \/>\n\tLa parroquia de Santa Magdalena de Canossa recibir&aacute; la visita del Papa Francisco el domingo 12 de marzo, y en ella &nbsp;saludar&aacute; a enfermos, ancianos, celebrar&aacute; Misa, confesar&aacute; algunos fieles y tambi&eacute;n responder&aacute; a las preguntas de ni&ntilde;os de catequesis.<\/p>\n<p style=\"text-align: justify\">\n\tEl p&aacute;rroco, Giorgio Spinello, ha contado que Francisco &ldquo;se encontrar&aacute; con los ni&ntilde;os de catequesis y del grupo scout, quienes le har&aacute;n preguntas y le entregar&aacute;n cartas en las cuales expresan su alegr&iacute;a por la visita, le aseguran sus oraciones y le piden oraciones por la paz en el mundo&rdquo;.<\/p>\n<p style=\"text-align: justify\">\n\tEn concreto, el Papa confesar&aacute; a cuatro feligreses: un adolescente, un joven, un hombre y una mujer. A continuaci&oacute;n, celebrar&aacute; la Misa que estar&aacute; concelebrada de los sacerdotes de la parroquia y otros de la vicar&iacute;a.<\/p>\n<p style=\"text-align: justify\">\n\tEntre los grupos que viven su fe en esta parroquia, se encuentra &ldquo;Misiones&rdquo;, que desarrolla el proyecto &ldquo;Casa Amiga&rdquo; en Brasil, donde los religiosos canosianos est&aacute;n presentes desde hace a&ntilde;os.<\/p>\n<p style=\"text-align: justify\">\n\tTambi&eacute;n cuenta con una fuerte presencia la C&aacute;ritas que asiste a unas 50 personas, sobre todo j&oacute;venes, que han perdido el trabajo. Los voluntarios de C&aacute;ritas les distribuyen alimento cada primer y tercer jueves del mes.&nbsp;<\/p>\n<p style=\"text-align: justify\">\n\tTambi&eacute;n te puede interesar:&nbsp;<\/p>\n<p style=\"text-align: justify\">\n\t\tEjercicios Espirituales del Papa: &iquest;Qu&eacute; actitud tenemos ante la angustia del pr&oacute;jimo? https:\/\/t.co\/UqNevf6Eou<\/p>\n<p>\t&mdash; ACI Prensa (@aciprensa) 8 de marzo de 2017<\/p>\n<p style=\"text-align: justify\">\n\t&nbsp;<\/p>\n","protected":false},"excerpt":{"rendered":"<p>VATICANO, 08 Mar. 17 (ACI).- La parroquia de Santa Magdalena de Canossa recibir&aacute; la visita del Papa Francisco el domingo 12 de marzo, y en ella &nbsp;saludar&aacute; a enfermos, ancianos, celebrar&aacute; Misa, confesar&aacute; algunos fieles y tambi&eacute;n responder&aacute; a las preguntas de ni&ntilde;os de catequesis. El p&aacute;rroco, Giorgio Spinello, ha contado que Francisco &ldquo;se encontrar&aacute; &hellip; <a href=\"https:\/\/www.biblia.work\/noticias\/el-papa-respondera-preguntas-de-ninos-en-su-proxima-visita-a-una-parroquia-en-roma\/\" class=\"more-link\">Continuar leyendo<span class=\"screen-reader-text\"> \u00abEl Papa responder\u00e1 preguntas de ni\u00f1os en su pr\u00f3xima visita a una parroquia en Roma\u00bb<\/span><\/a><\/p>\n","protected":false},"author":1,"featured_media":0,"comment_status":"open","ping_status":"closed","sticky":false,"template":"","format":"standard","meta":{"footnotes":""},"categories":[1],"tags":[],"class_list":["post-12536","post","type-post","status-publish","format-standard","hentry","category-general"],"_links":{"self":[{"href":"https:\/\/www.biblia.work\/noticias\/wp-json\/wp\/v2\/posts\/12536","targetHints":{"allow":["GET"]}}],"collection":[{"href":"https:\/\/www.biblia.work\/noticias\/wp-json\/wp\/v2\/posts"}],"about":[{"href":"https:\/\/www.biblia.work\/noticias\/wp-json\/wp\/v2\/types\/post"}],"author":[{"embeddable":true,"href":"https:\/\/www.biblia.work\/noticias\/wp-json\/wp\/v2\/users\/1"}],"replies":[{"embeddable":true,"href":"https:\/\/www.biblia.work\/noticias\/wp-json\/wp\/v2\/comments?post=12536"}],"version-history":[{"count":0,"href":"https:\/\/www.biblia.work\/noticias\/wp-json\/wp\/v2\/posts\/12536\/revisions"}],"wp:attachment":[{"href":"https:\/\/www.biblia.work\/noticias\/wp-json\/wp\/v2\/media?parent=12536"}],"wp:term":[{"taxonomy":"category","embeddable":true,"href":"https:\/\/www.biblia.work\/noticias\/wp-json\/wp\/v2\/categories?post=12536"},{"taxonomy":"post_tag","embeddable":true,"href":"https:\/\/www.biblia.work\/noticias\/wp-json\/wp\/v2\/tags?post=12536"}],"curies":[{"name":"wp","href":"https:\/\/api.w.org\/{rel}","templated":true}]}}