{"id":12544,"date":"2017-03-08T12:10:02","date_gmt":"2017-03-08T17:10:02","guid":{"rendered":"http:\/\/www.biblia.work\/noticias\/lideres-de-la-ue-piden-al-papa-que-los-ayude-a-mantener-bloque\/"},"modified":"2017-03-08T12:10:02","modified_gmt":"2017-03-08T17:10:02","slug":"lideres-de-la-ue-piden-al-papa-que-los-ayude-a-mantener-bloque","status":"publish","type":"post","link":"https:\/\/www.biblia.work\/noticias\/lideres-de-la-ue-piden-al-papa-que-los-ayude-a-mantener-bloque\/","title":{"rendered":"L\u00edderes de la UE piden al Papa que los ayude a mantener bloque"},"content":{"rendered":"<p style=\"text-align: justify\">EUROPA. &#8211; Los l\u00edderes europeos deben realizar un encuentro hist\u00f3rico con el Papa en la \u00faltima semana de este mes, cuando se dirijan a Roma para mostrar sus planes para tratar de revivir una Uni\u00f3n Europea que est\u00e1 en dificultades.<\/p>\n<p style=\"text-align: justify\">Representantes de varios pa\u00edses dijeron que esperan que el Papa pueda ofrecer &#8220;liderazgo&#8221; del que se carece para ayudar a resolver la crisis que amenazan con destruir el bloque econ\u00f3mico.<\/p>\n<p style=\"text-align: justify\">Seg\u00fan el Vaticano, veinte y ocho jefes de gobierno se reunir\u00e1n con el Papa Francisco el 24 de marzo, un d\u00eda antes de que todos se re\u00fanan en la capital italiana para celebrar el 60 aniversario de la Uni\u00f3n Europea y poner en marcha lo que llaman el &#8220;renacimiento&#8221;.<\/p>\n<p style=\"text-align: justify\">Un alto funcionario de un grupo a favor de la UE dijo que con Barack Obama saliendo de la Casa Blanca, el jefe de la Iglesia Cat\u00f3lica ahora era &#8220;la \u00fanica autoridad moral&#8221; con que los pol\u00edticos europeos pod\u00edan contar.<\/p>\n<p style=\"text-align: justify\">La noticia de que los hombres y mujeres m\u00e1s poderosos de Europa est\u00e1n buscando la intervenci\u00f3n divina, representada por el Papa genera poca cr\u00edtica, ya que parece que no hay respuestas claras a los problemas cada vez mayores en la Uni\u00f3n, amenazando con derrumbarse con los movimientos nacionalistas en diversas naciones que piden salida, como lo hizo Inglaterra.<\/p>\n<p style=\"text-align: justify\">El jefe de la Comisi\u00f3n, Jean-Claude Juncker, revelar\u00e1 un documento hist\u00f3rico que presenta cinco &#8220;v\u00edas para acceder a la unidad&#8221; para el futuro del proyecto, en un intento desesperado por cambiar de direcci\u00f3n. Se espera que el apoyo papal pueda generar simpat\u00eda por el proyecto.<\/p>\n<p style=\"text-align: justify\">Los diplom\u00e1ticos de la UE discutir\u00e1n sus planes con Francisco en Roma antes de realizar el debate oficial en el Parlamento Europeo, en busca de orientaci\u00f3n sobre qu\u00e9 &#8220;camino&#8221; a seguir. En la actualidad, es cada vez mayor la simpat\u00eda por la idea de formar un super-Estado europeo, que una adem\u00e1s a los miembros.<\/p>\n<p style=\"text-align: justify\">Joseph Muscat, el primer ministro de Malta, que actualmente ocupa la presidencia rotativa de la UE, dijo a los delegados que el Papa podr\u00eda &#8220;proporcionar el liderazgo que los pol\u00edticos pierden&#8221; ante las posiciones contradictorias sobre c\u00f3mo hacerles frente a cuestiones tan complejas como la crisis de la migraci\u00f3n, el terrorismo y la inestabilidad econ\u00f3mica.<\/p>\n<p style=\"text-align: justify\">El primer ministro de Malta a\u00f1adi\u00f3: &#8220;Creo que \u00e9l [Francisco] es el l\u00edder mundial, que, dadas las circunstancias, tiene las habilidades y la visi\u00f3n de decir las cosas que van m\u00e1s all\u00e1 de lo obvio&#8221;.<\/p>\n<p style=\"text-align: justify\">La \u00faltima vez que el m\u00e1ximo l\u00edder de los cat\u00f3licos fue a los l\u00edderes del continente fue en mayo del a\u00f1o pasado, cuando recibi\u00f3 el &#8220;Premio Carlos Magno&#8221;, otorgado por la Uni\u00f3n Europea a aquellos que se destacan en defensa de los valores europeos. En la ocasi\u00f3n, el Papa dijo que sue\u00f1a con &#8220;un nuevo humanismo europeo&#8221;.<\/p>\n<p style=\"text-align: justify\">M\u00e1s recientemente, el Papa hizo declaraciones a la prensa criticando la falta de unidad de los miembros de la UE, en particular su posici\u00f3n sobre la inmigraci\u00f3n, una vez que el Vaticano defendi\u00f3 la pol\u00edtica de fronteras abiertas, mientras que varios pa\u00edses no recib\u00edan m\u00e1s refugiados de guerra en Oriente Medio, seg\u00fan informa el diario <a target=\"_blank\" rel=\"nofollow\" href=\"http:\/\/www.express.co.uk\/news\/politics\/773508\/European-Union-EU-leaders-Pope-Francis-Rome-Summit\">Express.<\/a><\/p>\n<p style=\"text-align: justify\">La entrada <a rel=\"nofollow\" href=\"http:\/\/www.noticiacristiana.com\/sociedad\/iglesiaestado\/2017\/03\/liderez-ue-papa-bloque.html\">L\u00edderes de la UE piden al Papa que los ayude a mantener bloque<\/a> aparece primero en <a rel=\"nofollow\" href=\"http:\/\/www.noticiacristiana.com\">NoticiaCristiana.com<\/a>.<\/p>\n","protected":false},"excerpt":{"rendered":"<p>EUROPA. &#8211; Los l\u00edderes europeos deben realizar un encuentro hist\u00f3rico con el Papa en la \u00faltima semana de este mes, cuando se dirijan a Roma para mostrar sus planes para tratar de revivir una Uni\u00f3n Europea que est\u00e1 en dificultades. Representantes de varios pa\u00edses dijeron que esperan que el Papa pueda ofrecer &#8220;liderazgo&#8221; del que &hellip; <a href=\"https:\/\/www.biblia.work\/noticias\/lideres-de-la-ue-piden-al-papa-que-los-ayude-a-mantener-bloque\/\" class=\"more-link\">Continuar leyendo<span class=\"screen-reader-text\"> \u00abL\u00edderes de la UE piden al Papa que los ayude a mantener bloque\u00bb<\/span><\/a><\/p>\n","protected":false},"author":1,"featured_media":0,"comment_status":"open","ping_status":"closed","sticky":false,"template":"","format":"standard","meta":{"footnotes":""},"categories":[1],"tags":[],"class_list":["post-12544","post","type-post","status-publish","format-standard","hentry","category-general"],"_links":{"self":[{"href":"https:\/\/www.biblia.work\/noticias\/wp-json\/wp\/v2\/posts\/12544","targetHints":{"allow":["GET"]}}],"collection":[{"href":"https:\/\/www.biblia.work\/noticias\/wp-json\/wp\/v2\/posts"}],"about":[{"href":"https:\/\/www.biblia.work\/noticias\/wp-json\/wp\/v2\/types\/post"}],"author":[{"embeddable":true,"href":"https:\/\/www.biblia.work\/noticias\/wp-json\/wp\/v2\/users\/1"}],"replies":[{"embeddable":true,"href":"https:\/\/www.biblia.work\/noticias\/wp-json\/wp\/v2\/comments?post=12544"}],"version-history":[{"count":0,"href":"https:\/\/www.biblia.work\/noticias\/wp-json\/wp\/v2\/posts\/12544\/revisions"}],"wp:attachment":[{"href":"https:\/\/www.biblia.work\/noticias\/wp-json\/wp\/v2\/media?parent=12544"}],"wp:term":[{"taxonomy":"category","embeddable":true,"href":"https:\/\/www.biblia.work\/noticias\/wp-json\/wp\/v2\/categories?post=12544"},{"taxonomy":"post_tag","embeddable":true,"href":"https:\/\/www.biblia.work\/noticias\/wp-json\/wp\/v2\/tags?post=12544"}],"curies":[{"name":"wp","href":"https:\/\/api.w.org\/{rel}","templated":true}]}}