{"id":12545,"date":"2017-03-08T12:15:02","date_gmt":"2017-03-08T17:15:02","guid":{"rendered":"http:\/\/www.biblia.work\/noticias\/el-papa-nombro-en-brasil-al-nuevo-arzobispo-de-paraiba-y-al-obispo-auxiliar-de-belo-horizonte\/"},"modified":"2017-03-08T12:15:02","modified_gmt":"2017-03-08T17:15:02","slug":"el-papa-nombro-en-brasil-al-nuevo-arzobispo-de-paraiba-y-al-obispo-auxiliar-de-belo-horizonte","status":"publish","type":"post","link":"https:\/\/www.biblia.work\/noticias\/el-papa-nombro-en-brasil-al-nuevo-arzobispo-de-paraiba-y-al-obispo-auxiliar-de-belo-horizonte\/","title":{"rendered":"El Papa nombr\u00f3 en Brasil al nuevo arzobispo de Para\u00edba y al obispo auxiliar de Belo Horizonte"},"content":{"rendered":"<p style=\"text-align: justify\">(ZENIT- Ciudad del Vaticano, 8 Mar. 2017).- El papa Francisco ha nombrado arzobispo metropolitano de la archidi\u00f3cesis de Para\u00edba (Brasil) a Mons. Manoel Delson Pedreira da Cruz, O.F.M.Cap., traslad\u00e1ndolo de la di\u00f3cesis de Campina Grande.<\/p>\n<p style=\"text-align: justify\">Lo dio a conocer este mi\u00e9rcoles, la oficina de prensa de la Santa Sede, precisando que Mons. Manoel Delson Pedreira da Cruz, arzobispo de Para\u00edba (Brasil), naci\u00f3 el 10 de julio de 1954 en Biritinga, archidi\u00f3cesis de Feira de Santana, en el estado de Bahia. Pronunci\u00f3 los votos perpetuos\u00a0 en la Orden de los Frailes Menores Capuchinos el 17 de enero de 1978 y fue ordenado sacerdote el 5 de julio de 1980.<\/p>\n<p style=\"text-align: justify\">Ha realizado estudios filos\u00f3ficos en Nova Veneza (S\u00e3o Paulo) y los teol\u00f3gicos en el\u00a0Instituto de Teolog\u00eda de la Universidad de S\u00e3o Salvador da Bahia. Ha conseguido la licencia en Letras cl\u00e1sicas en la Universidad Cat\u00f3lica de S\u00e3o Salvador da Bahia y la licencia en Ciencias de las Comunicaciones Sociales en la Universidad Pontificia Salesiana, en Roma.<\/p>\n<p style=\"text-align: justify\">.<\/p>\n<p style=\"text-align: justify\">Dentro de su Orden ha sido formador, Ministro Provincial (varias veces) y definidor general para Am\u00e9rica Latina. El 5 de julio de 2006 fue nombrado obispo de Caic\u00f3 y recibi\u00f3 el orden episcopal el 24 de septiembre sucesivo. El 8 de agosto de\u00a0 2012 fue trasladado a la di\u00f3cesis de Campina Grande. Actualmente es vicepresidente de\u00a0 la Conferencia Episcopal Regional Nordeste 2, que\u00a0 comprende los estados de Alagoas, Para\u00edba, Pernambuco y Rio Grande do Norte.<\/p>\n<p style=\"text-align: justify\">Nombramiento del obispo auxiliar de Belo Horizonte (Brasil)<\/p>\n<p style=\"text-align: justify\">El Santo Padre ha nombrado obispo auxiliar de la archidi\u00f3cesis de Belo Horizonte (Brasil) al reverendo Vicente de Paula Ferreira, C.SS.R., hasta ahora Formador de los estudiantes de\u00a0 Teolog\u00eda de la Provincia Redentorista en Belo Horizonte, otorg\u00e1ndole\u00a0 la sede titular episcopal de Castra nova.<\/p>\n<p style=\"text-align: justify\">El reverendo Vicente de Paula Ferreira, C.SS.R., naci\u00f3 el\u00a0 27 de octubre de 1970 en\u00a0 Arara\u00ed, distrito del municipio de Alegre, di\u00f3cesis de Cachoeiro de Itapemirim, en el estado de Esp\u00edrito Santo.<\/p>\n<p style=\"text-align: justify\">Efectu\u00f3 los estudios de Filosof\u00eda en \u00a0la Universidad Federal de Juiz de Fora (1986-1990), donde m\u00e1s tarde consigui\u00f3 la licencia (2009-2011) y el t\u00edtulo universitario (2011-2013) en Ciencia de la Religi\u00f3n. Estudi\u00f3 Teolog\u00eda en la Facultad Jesuita de Filosof\u00eda y Teolog\u00eda (FAJE) en Belo Horizonte (1993-1996) y complet\u00f3 los estudios de especializaci\u00f3n en Psicologia en Juiz de Fora (2003-2006).<\/p>\n<p style=\"text-align: justify\">Pronunci\u00f3 la\u00a0 Profesi\u00f3n\u00a0 Religiosa como Redentorista el 12 de diciembre de 1992 y fue ordenado sacerdote el 16 de noviembre de 1996. Dentro de su Congregaci\u00f3n ha desempe\u00f1ado los siguientes cargos: Promotor vocacional (1997); Formador del pre-noviciado (1998-2002) y del Aspirantado (2003-2005); Presidente de la Uni\u00f3n de los Redentoristas de Brasil (2005-2011); Superior Provincial de la Provincia de Rio de Janeiro-Minas Gerais-Esp\u00edrito Santo por \u00a0tres mandatos consecutivos (2005-2014); miembro de la Academia Alfonsiana de Roma (desde 2012).<\/p>\n<p style=\"text-align: justify\">Actualmente es\u00a0 Formador de los estudiantes de Teolog\u00eda de la Congregaci\u00f3n Redentorista (Provincia de Rio) en Belo Horizonte.<\/p>\n<p><span class=\"et_bloom_bottom_trigger\"><\/span><\/p>\n<p><a href=\"https:\/\/es.zenit.org\/\" target=\"_blank\" rel=\"nofollow\">Fuente: es.zenit.org<\/a><\/p>\n","protected":false},"excerpt":{"rendered":"<p>(ZENIT- Ciudad del Vaticano, 8 Mar. 2017).- El papa Francisco ha nombrado arzobispo metropolitano de la archidi\u00f3cesis de Para\u00edba (Brasil) a Mons. Manoel Delson Pedreira da Cruz, O.F.M.Cap., traslad\u00e1ndolo de la di\u00f3cesis de Campina Grande. Lo dio a conocer este mi\u00e9rcoles, la oficina de prensa de la Santa Sede, precisando que Mons. Manoel Delson Pedreira &hellip; <a href=\"https:\/\/www.biblia.work\/noticias\/el-papa-nombro-en-brasil-al-nuevo-arzobispo-de-paraiba-y-al-obispo-auxiliar-de-belo-horizonte\/\" class=\"more-link\">Continuar leyendo<span class=\"screen-reader-text\"> \u00abEl Papa nombr\u00f3 en Brasil al nuevo arzobispo de Para\u00edba y al obispo auxiliar de Belo Horizonte\u00bb<\/span><\/a><\/p>\n","protected":false},"author":1,"featured_media":0,"comment_status":"open","ping_status":"closed","sticky":false,"template":"","format":"standard","meta":{"footnotes":""},"categories":[1],"tags":[],"class_list":["post-12545","post","type-post","status-publish","format-standard","hentry","category-general"],"_links":{"self":[{"href":"https:\/\/www.biblia.work\/noticias\/wp-json\/wp\/v2\/posts\/12545","targetHints":{"allow":["GET"]}}],"collection":[{"href":"https:\/\/www.biblia.work\/noticias\/wp-json\/wp\/v2\/posts"}],"about":[{"href":"https:\/\/www.biblia.work\/noticias\/wp-json\/wp\/v2\/types\/post"}],"author":[{"embeddable":true,"href":"https:\/\/www.biblia.work\/noticias\/wp-json\/wp\/v2\/users\/1"}],"replies":[{"embeddable":true,"href":"https:\/\/www.biblia.work\/noticias\/wp-json\/wp\/v2\/comments?post=12545"}],"version-history":[{"count":0,"href":"https:\/\/www.biblia.work\/noticias\/wp-json\/wp\/v2\/posts\/12545\/revisions"}],"wp:attachment":[{"href":"https:\/\/www.biblia.work\/noticias\/wp-json\/wp\/v2\/media?parent=12545"}],"wp:term":[{"taxonomy":"category","embeddable":true,"href":"https:\/\/www.biblia.work\/noticias\/wp-json\/wp\/v2\/categories?post=12545"},{"taxonomy":"post_tag","embeddable":true,"href":"https:\/\/www.biblia.work\/noticias\/wp-json\/wp\/v2\/tags?post=12545"}],"curies":[{"name":"wp","href":"https:\/\/api.w.org\/{rel}","templated":true}]}}