{"id":12554,"date":"2017-03-08T14:15:02","date_gmt":"2017-03-08T19:15:02","guid":{"rendered":"http:\/\/www.biblia.work\/noticias\/francisco-visitara-dos-dias-despues-de-su-retiro-otra-parroquia-romana\/"},"modified":"2017-03-08T14:15:02","modified_gmt":"2017-03-08T19:15:02","slug":"francisco-visitara-dos-dias-despues-de-su-retiro-otra-parroquia-romana","status":"publish","type":"post","link":"https:\/\/www.biblia.work\/noticias\/francisco-visitara-dos-dias-despues-de-su-retiro-otra-parroquia-romana\/","title":{"rendered":"Francisco visitar\u00e1 dos d\u00edas despu\u00e9s de su retiro, otra parroquia romana"},"content":{"rendered":"<p style=\"text-align: justify\">(ZENIT- Ciudad del Vaticano, 8 Mar. 2017).- El papa Francisco visitar\u00e1 este pr\u00f3ximo domingo 12 de marzo, la parroquia de Santa Magdalena de Canossa, situada en las afueras de Roma, al noroeste, en la &#8216;Borgata Ottavia&#8217;.<\/p>\n<p style=\"text-align: justify\">As\u00ed dos d\u00edas despu\u00e9s de concluir los ejercicios espirituales que est\u00e1 realizando fuera del Vaticano, el obispo de Roma retoma las visitas a las parroquias de si di\u00f3cesis. La noticia que hab\u00eda trascendido hace un par de d\u00edas fue confirmada hoy en el Vaticano.<\/p>\n<p style=\"text-align: justify\">All\u00ed celebrar\u00e1 misa, confesar\u00e1 y responder\u00e1 a los ni\u00f1os de catequesis, quienes \u201cle har\u00e1n preguntas y le entregar\u00e1n cartas en las cuales expresan su alegr\u00eda por la visita, le aseguran sus oraciones y le piden oraciones por la paz en el mundo\u201d.<\/p>\n<p style=\"text-align: justify\">El Papa confesar\u00e1 a un adolescente, un joven, un hombre y a una mujer. La misa presidida por el Santo Padre ser\u00e1 concelebrada de los sacerdotes de la parroquia y vicar\u00eda.<\/p>\n<p style=\"text-align: justify\">La parroquia tiene varios grupos que realizan actividades, como \u201cMisiones\u201d, que realiza un proyecto con los canosianos de \u201cCasa Amiga\u201d en Brasil.<\/p>\n<p style=\"text-align: justify\">All\u00ed la C\u00e1ritas realiza una importante labor, en particular a j\u00f3venes y personas que han perdido en trabajo, distribuyendo alimentos dos veces al mes.<\/p>\n<p style=\"text-align: justify\">La \u00faltima fue el 19 de febrero pasado, en la parroquia de Santa Mar\u00eda Josefa en Castelverde di Lunghezza, se trata de la 14\u00ba visita del Papa a las parroquias, en el cuarto a\u00f1o de su pontificado.<\/p>\n<p><span class=\"et_bloom_bottom_trigger\"><\/span><\/p>\n<p><a href=\"https:\/\/es.zenit.org\/\" target=\"_blank\" rel=\"nofollow\">Fuente: es.zenit.org<\/a><\/p>\n","protected":false},"excerpt":{"rendered":"<p>(ZENIT- Ciudad del Vaticano, 8 Mar. 2017).- El papa Francisco visitar\u00e1 este pr\u00f3ximo domingo 12 de marzo, la parroquia de Santa Magdalena de Canossa, situada en las afueras de Roma, al noroeste, en la &#8216;Borgata Ottavia&#8217;. As\u00ed dos d\u00edas despu\u00e9s de concluir los ejercicios espirituales que est\u00e1 realizando fuera del Vaticano, el obispo de Roma &hellip; <a href=\"https:\/\/www.biblia.work\/noticias\/francisco-visitara-dos-dias-despues-de-su-retiro-otra-parroquia-romana\/\" class=\"more-link\">Continuar leyendo<span class=\"screen-reader-text\"> \u00abFrancisco visitar\u00e1 dos d\u00edas despu\u00e9s de su retiro, otra parroquia romana\u00bb<\/span><\/a><\/p>\n","protected":false},"author":1,"featured_media":0,"comment_status":"open","ping_status":"closed","sticky":false,"template":"","format":"standard","meta":{"footnotes":""},"categories":[1],"tags":[],"class_list":["post-12554","post","type-post","status-publish","format-standard","hentry","category-general"],"_links":{"self":[{"href":"https:\/\/www.biblia.work\/noticias\/wp-json\/wp\/v2\/posts\/12554","targetHints":{"allow":["GET"]}}],"collection":[{"href":"https:\/\/www.biblia.work\/noticias\/wp-json\/wp\/v2\/posts"}],"about":[{"href":"https:\/\/www.biblia.work\/noticias\/wp-json\/wp\/v2\/types\/post"}],"author":[{"embeddable":true,"href":"https:\/\/www.biblia.work\/noticias\/wp-json\/wp\/v2\/users\/1"}],"replies":[{"embeddable":true,"href":"https:\/\/www.biblia.work\/noticias\/wp-json\/wp\/v2\/comments?post=12554"}],"version-history":[{"count":0,"href":"https:\/\/www.biblia.work\/noticias\/wp-json\/wp\/v2\/posts\/12554\/revisions"}],"wp:attachment":[{"href":"https:\/\/www.biblia.work\/noticias\/wp-json\/wp\/v2\/media?parent=12554"}],"wp:term":[{"taxonomy":"category","embeddable":true,"href":"https:\/\/www.biblia.work\/noticias\/wp-json\/wp\/v2\/categories?post=12554"},{"taxonomy":"post_tag","embeddable":true,"href":"https:\/\/www.biblia.work\/noticias\/wp-json\/wp\/v2\/tags?post=12554"}],"curies":[{"name":"wp","href":"https:\/\/api.w.org\/{rel}","templated":true}]}}