{"id":12555,"date":"2017-03-08T14:15:02","date_gmt":"2017-03-08T19:15:02","guid":{"rendered":"http:\/\/www.biblia.work\/noticias\/santo-domingo-savio-9-de-marzo\/"},"modified":"2017-03-08T14:15:02","modified_gmt":"2017-03-08T19:15:02","slug":"santo-domingo-savio-9-de-marzo","status":"publish","type":"post","link":"https:\/\/www.biblia.work\/noticias\/santo-domingo-savio-9-de-marzo\/","title":{"rendered":"Santo Domingo Savio \u2013 9 de Marzo"},"content":{"rendered":"<p style=\"text-align: justify\">(ZENIT &#8211; Madrid).- Modelo para la infancia y la adolescencia, este dechado de inocencia evang\u00e9lica naci\u00f3 en Riva de Chieri, Italia, el 2 de abril de 1842. Al a\u00f1o siguiente toda la familia se traslad\u00f3 a las colinas de Murialdo. El d\u00eda de su primera comuni\u00f3n, realizada en Castelnuovo en 1849, arrodillado ante el altar se propuso: 1. Me confesar\u00e9 muy a menudo y recibir\u00e9 la Sagrada Comuni\u00f3n siempre que el confesor me lo permita. 2. Quiero santificar los d\u00edas de fiesta. 3. Mis amigos ser\u00e1n Jes\u00fas y Mar\u00eda. 4. Antes morir que pecar\u00bb. Resumen su vida.<\/p>\n<p style=\"text-align: justify\"><span lang=\"\">En 1854 conoci\u00f3 a Don Bosco, su gu\u00eda y rector hacia el camino de la santidad. Fue con \u00e9l a Tur\u00edn integr\u00e1ndose en el Oratorio. En el dintel de la puerta de su cuarto el fundador hab\u00eda colgado esta consigna: \u00ab\u00a1Denme almas, y ll\u00e9vense lo dem\u00e1s!\u00bb. Despu\u00e9s de leerlo, Domingo le dijo: \u00abDon Bosco, aqu\u00ed se trata de un negocio, la salvaci\u00f3n de las almas. Pues bien, yo ser\u00e9 la tela y usted ser\u00e1 el sastre. Haga de m\u00ed un hermoso traje para el Se\u00f1or\u00bb. Sab\u00eda que estaba en el lugar en el que cumplir\u00eda su m\u00e1s ferviente anhelo: \u00ab\u00a1Yo quiero hacerme santo!\u00bb, aunque su camino hacia los altares hab\u00eda comenzado ya con una presencia de Dios constante en su mente y actos cotidianos de amor. <\/span><\/p>\n<p style=\"text-align: justify\"><span lang=\"\">No consent\u00eda comer s\u00ed no se rezaba antes. Era el primero en acudir a la iglesia los domingos. Y si hallaba el templo cerrado, rezaba en el umbral, hincado de rodillas al margen de las crudas inclemencias meteorol\u00f3gicas que pudieran darse. Disfrutaba siendo monaguillo y todos pod\u00edan advertir su fervor ante al Sant\u00edsimo; los gestos delataban su estado de recogimiento, con las manos juntas y los ojos clavados en el sagrario. Con esp\u00edritu de sacrificio recorr\u00eda todos los d\u00edas 18 km. a pie para ir a la escuela. Hasta su t\u00edo, impresionado, le pregunt\u00f3: \u00ab\u00bfNo tienes miedo de ir solo?\u00bb. Rotundo y cabal, respondi\u00f3: \u00abYo no estoy solo; me acompa\u00f1a el \u00c1ngel de la Guarda\u00bb. Sufr\u00eda con solo pensar en una eventual ofensa a Cristo, y no pod\u00eda contener sus l\u00e1grimas. Buscando siempre lo m\u00e1s perfecto, y arrepentido de haber hecho novillos en una ocasi\u00f3n incitado por sus amigos, busc\u00f3 la amistad de Jes\u00fas y de Mar\u00eda.<\/span><\/p>\n<p style=\"text-align: justify\"><span lang=\"\">En Tur\u00edn, llevado por su gran devoci\u00f3n a Mar\u00eda, junto a un grupo de compa\u00f1eros fund\u00f3 la Compa\u00f1\u00eda de la Inmaculada y todos se comprometieron a ayudar a Don Bosco para educar a los muchachos del Oratorio. Esos chavales a quienes este fundador se dirig\u00eda, dici\u00e9ndoles: \u00abA vosotros, santos\u2026\u00bb eran de diversa \u00edndole y procedencia: ricos y pobres, m\u00e1s pac\u00edficos y extremadamente violentos. Mucho le sirvi\u00f3 a Domingo su arte para narrar cuentos. Don Bosco se dio cuenta de que el joven era especial. As\u00ed lo describi\u00f3: \u00abDomingo no se ha hecho notorio en los primeros tiempos del Oratorio por cosa alguna, fuera de su perfecta docilidad y de una exacta observancia de las reglas de la casa\u2026 y una exactitud en el cumplimiento de sus deberes m\u00e1s all\u00e1 de la cual no ser\u00eda f\u00e1cil llegar\u00bb. <\/span><\/p>\n<p style=\"text-align: justify\">Sin embargo, no era perfecto, claro est\u00e1; nadie lo es. Y en su particular itinerario hacia la santidad, de la mano del fundador aprendi\u00f3 a templar alguna que otra salida de tono, inducido por actitudes molestas de algunos compa\u00f1eros. Tambi\u00e9n consigui\u00f3 remontar esos picos emocionales a los que tend\u00eda llevado por su temperamento melanc\u00f3lico. No queriendo sucumbir ante \u00e9l, porque le imped\u00eda escuchar la voz de Dios, se fue fortaleciendo siendo fiel a las peque\u00f1as cosas de cada d\u00eda como le hab\u00eda ense\u00f1ado Don Bosco.<\/p>\n<p style=\"text-align: justify\"><span lang=\"\">Fue un ap\u00f3stol incansable dentro y fuera del Oratorio. El fundador reconoc\u00eda que el peque\u00f1o \u00abllevaba m\u00e1s almas al confesionario con sus recreos que los predicadores con sus sermones\u00bb. Su bell\u00edsima voz, aplaudida por quienes la escuchaban, le cre\u00f3 cierto desasosiego cuando alabaron sus cualidades vocales tan excepcionales. Los parabienes desataron en \u00e9l gran emoci\u00f3n porque hab\u00eda experimentado interiormente un sentimiento a favor del halago: \u00abMientras cantaba, sent\u00eda cierta complacencia; ahora me felicitan&#8230;; as\u00ed pierdo todo el m\u00e9rito\u00bb. <\/span><\/p>\n<p style=\"text-align: justify\"><span lang=\"\">Un d\u00eda se qued\u00f3 absorto ante la Eucarist\u00eda durante siete horas. Despu\u00e9s de buscarlo afanosamente por todos los lugares, Don Bosco lo hall\u00f3 ante el sagrario, y Domingo le pidi\u00f3 perd\u00f3n por haber transgredido las reglas. Le horrorizaba el pecado, sobre todo el de impureza. La Virgen le alumbr\u00f3 rescat\u00e1ndole de las malsanas curiosidades de esas edades de la adolescencia contra las que luchaba tit\u00e1nicamente consagr\u00e1ndose a la Inmaculada. Algunos a\u00f1os despu\u00e9s de morir, cuando se apareci\u00f3 a Don Bosco en uno de sus famosos sue\u00f1os, le pregunt\u00f3: \u00abDomingo, \u00bfqu\u00e9 es lo que m\u00e1s te consol\u00f3 en el momento de tu muerte?\u00bb. Y \u00e9l respondi\u00f3: \u00abLa asistencia de la poderosa y amable Madre del Salvador\u00bb. Era firme y dulce a la par. Sent\u00eda dolorosas turbaciones y dudas de conciencia que le instaban a confesarse cada tres o cuatro d\u00edas. Su ansia penitencial era insaciable porque quer\u00eda unirse a los sufrimientos de Jes\u00fas en la cruz. <\/span><\/p>\n<p style=\"text-align: justify\"><span lang=\"\">Juan Bosco le ayud\u00f3 en esa etapa convulsa de la vida, y no tuvo problemas en encauzarlo porque en Domingo eran proverbiales su obediencia, docilidad y generosidad. En la biograf\u00eda que escribi\u00f3 de \u00e9l, el fundador expuso los matices de un camino que hicieron de este joven el santo que es. Se percibe c\u00f3mo lleg\u00f3 a realizar este anhelo: \u00abYo quiero entregarme todo al Se\u00f1or. Yo debo y quiero pertenecer todo al Se\u00f1or\u00bb. Caritativo, humilde, devoto de Jes\u00fas Sacramentado y de Mar\u00eda, experimentaba tambi\u00e9n un gran amor por el Santo Padre. Fue agraciado con numerosos favores m\u00edsticos. Era de salud delicada, y en 1857 \u00e9sta se agrav\u00f3 con una pulmon\u00eda. El m\u00e9dico aconsej\u00f3 que viajara a Mondonio para reponerse. Al despedirse, intuyendo su pronta muerte se dirigi\u00f3 a Don Bosco y a sus compa\u00f1eros dici\u00e9ndoles: \u00abNos veremos en el para\u00edso\u00bb. Y el 9 de marzo de ese a\u00f1o vol\u00f3 al cielo despu\u00e9s de haber recitado las oraciones que se le\u00edan a los agonizantes, y que su padre rezaba. Sus \u00faltimas palabras fueron: \u00abPap\u00e1, ya es hora [\u2026]. Adi\u00f3s, querido pap\u00e1, adi\u00f3s. \u00a1Oh, qu\u00e9 hermosas cosas veo!\u00bb. P\u00edo XII lo beatific\u00f3 el 5 de marzo de 1950, y tambi\u00e9n lo canoniz\u00f3 el 12 de junio de 1954. <\/span><\/p>\n<p><span class=\"et_bloom_bottom_trigger\"><\/span><\/p>\n<p><a href=\"https:\/\/es.zenit.org\/\" target=\"_blank\" rel=\"nofollow\">Fuente: es.zenit.org<\/a><\/p>\n","protected":false},"excerpt":{"rendered":"<p>(ZENIT &#8211; Madrid).- Modelo para la infancia y la adolescencia, este dechado de inocencia evang\u00e9lica naci\u00f3 en Riva de Chieri, Italia, el 2 de abril de 1842. Al a\u00f1o siguiente toda la familia se traslad\u00f3 a las colinas de Murialdo. El d\u00eda de su primera comuni\u00f3n, realizada en Castelnuovo en 1849, arrodillado ante el altar &hellip; <a href=\"https:\/\/www.biblia.work\/noticias\/santo-domingo-savio-9-de-marzo\/\" class=\"more-link\">Continuar leyendo<span class=\"screen-reader-text\"> \u00abSanto Domingo Savio \u2013 9 de Marzo\u00bb<\/span><\/a><\/p>\n","protected":false},"author":1,"featured_media":0,"comment_status":"open","ping_status":"closed","sticky":false,"template":"","format":"standard","meta":{"footnotes":""},"categories":[1],"tags":[],"class_list":["post-12555","post","type-post","status-publish","format-standard","hentry","category-general"],"_links":{"self":[{"href":"https:\/\/www.biblia.work\/noticias\/wp-json\/wp\/v2\/posts\/12555","targetHints":{"allow":["GET"]}}],"collection":[{"href":"https:\/\/www.biblia.work\/noticias\/wp-json\/wp\/v2\/posts"}],"about":[{"href":"https:\/\/www.biblia.work\/noticias\/wp-json\/wp\/v2\/types\/post"}],"author":[{"embeddable":true,"href":"https:\/\/www.biblia.work\/noticias\/wp-json\/wp\/v2\/users\/1"}],"replies":[{"embeddable":true,"href":"https:\/\/www.biblia.work\/noticias\/wp-json\/wp\/v2\/comments?post=12555"}],"version-history":[{"count":0,"href":"https:\/\/www.biblia.work\/noticias\/wp-json\/wp\/v2\/posts\/12555\/revisions"}],"wp:attachment":[{"href":"https:\/\/www.biblia.work\/noticias\/wp-json\/wp\/v2\/media?parent=12555"}],"wp:term":[{"taxonomy":"category","embeddable":true,"href":"https:\/\/www.biblia.work\/noticias\/wp-json\/wp\/v2\/categories?post=12555"},{"taxonomy":"post_tag","embeddable":true,"href":"https:\/\/www.biblia.work\/noticias\/wp-json\/wp\/v2\/tags?post=12555"}],"curies":[{"name":"wp","href":"https:\/\/api.w.org\/{rel}","templated":true}]}}