{"id":12568,"date":"2017-03-09T06:40:05","date_gmt":"2017-03-09T11:40:05","guid":{"rendered":"http:\/\/www.biblia.work\/noticias\/dios-guia-nuestros-pasos-con-el-poder-de-la-gracia-que-el-espiritu-infunde-en-el-corazon-para-plasmarlo-y-hacerlo-capaz-de-amar-escribe-el-papa\/"},"modified":"2017-03-09T06:40:05","modified_gmt":"2017-03-09T11:40:05","slug":"dios-guia-nuestros-pasos-con-el-poder-de-la-gracia-que-el-espiritu-infunde-en-el-corazon-para-plasmarlo-y-hacerlo-capaz-de-amar-escribe-el-papa","status":"publish","type":"post","link":"https:\/\/www.biblia.work\/noticias\/dios-guia-nuestros-pasos-con-el-poder-de-la-gracia-que-el-espiritu-infunde-en-el-corazon-para-plasmarlo-y-hacerlo-capaz-de-amar-escribe-el-papa\/","title":{"rendered":"Dios gu\u00eda nuestros pasos con el poder de la gracia que el Esp\u00edritu infunde en el coraz\u00f3n para plasmarlo y hacerlo capaz de amar, escribe el Papa"},"content":{"rendered":"<p> <img src='http:\/\/media02.radiovaticana.va\/photo\/2015\/03\/08\/ANSA758988_Thumbnail.jpg' alt='' align='left' hspace='5'> <\/p>\n<p><span><br \/>\n<audio class=\"video-js vjs-default-skin vjs-big-play-button-centered rv-custom-audio\" controls=\"\" id=\"audioItem_9824915\" preload=\"none\"><\/audio><br \/>\n<span class=\"rv-audio-download\"><a href=\"http:\/\/media02.radiovaticana.va\/audio\/audio2\/mp3\/00572980.mp3\" title=\"Download audio\"><img decoding=\"async\" src=\"http:\/\/es.radiovaticana.va\/Modules\/Presentation\/Styles\/images-common\/icons\/download-audio-mp3_off.png\" style=\"height: 30px\" \/><\/a><\/span> <\/span><\/p>\n<p>(RV).- El pr&oacute;ximo <strong>12 de marzo<\/strong> el <strong>Papa Francisco<\/strong> visitar&aacute; la <strong>parroquia de Santa Magdalena de Canossa<\/strong>, en el Barrio Octavia de Roma. La comunidad est&aacute; emocionada por la visita del Pont&iacute;fice que ese d&iacute;a a las 16.00 ser&aacute; recibido por el Cardenal Vicario Agostino Vallini, el Obispo Auxiliar de la zona oeste, Mons. Paolo Selvadagi, el padre Giorgio Valente, Superior General de la Congregaci&oacute;n de los Hijos de la Caridad (canossianos) a quien est&aacute; confiada la gu&iacute;a de la parroquia desde 1988, el p&aacute;rroco padre Giorgio Spinello, el vice-p&aacute;rroco padre Romeo Antonio Vettorato y los colaboradores parroquiales, padre Sergio Pinato y padre Sandro Santoni.<\/p>\n<p>Durante la visita el Santo Padre encontrar&aacute; a un grupo de ni&ntilde;os del catecismo &ndash; anticipa el p&aacute;rroco &ndash; y al grupo scout de Europa, que le dirigir&aacute;n algunas preguntas y le entregar&aacute;n unas cartas en las que expresan su alegr&iacute;a por la visita, le aseguran sus oraciones y le piden oraciones por la paz. Seguir&aacute; el encuentro con las religiosas canossianas &ldquo;Hijas de la Caridad&rdquo;, &nbsp;con los enfermos, los j&oacute;venes, los padres con los ni&ntilde;os bautizados en el 2016 y los agentes pastorales de la parroquia, catequistas y voluntarios de la Caritas. Adem&aacute;s Francisco confesar&aacute; a cuatro parroquianos y presidir&aacute; la Santa Misa, que ser&aacute; concelebrada por muchos p&aacute;rrocos y sacerdotes. Animar&aacute;n la liturgia 50 integrantes de los tres coros de la parroquia, acompa&ntilde;ados por &oacute;rgano y guitarra. &nbsp;<\/p>\n<p>Est&aacute; todav&iacute;a incr&eacute;dulo el p&aacute;rroco padre Giorgio, el cual, contactado por el Cardenal Vallini poco antes de Navidad por &ldquo;una hermosa noticia&rdquo;&nbsp; todo hubiera imaginado menos que la visita del Papa. &ldquo;No logr&eacute; pronunciar una palabra por unos instantes &ndash; relat&oacute; &ndash; sent&iacute; una alegr&iacute;a indescriptible&rdquo;.<\/p>\n<p>(MCM-RV)<\/p>\n<p>&nbsp;<\/p>\n<p><a href=\"http:\/\/es.radiovaticana.va\" target=\"_blank\" rel=\"nofollow\">Fuente: es.radiovaticana.va<\/a><\/p>\n","protected":false},"excerpt":{"rendered":"<p>(RV).- El pr&oacute;ximo 12 de marzo el Papa Francisco visitar&aacute; la parroquia de Santa Magdalena de Canossa, en el Barrio Octavia de Roma. La comunidad est&aacute; emocionada por la visita del Pont&iacute;fice que ese d&iacute;a a las 16.00 ser&aacute; recibido por el Cardenal Vicario Agostino Vallini, el Obispo Auxiliar de la zona oeste, Mons. Paolo &hellip; <a href=\"https:\/\/www.biblia.work\/noticias\/dios-guia-nuestros-pasos-con-el-poder-de-la-gracia-que-el-espiritu-infunde-en-el-corazon-para-plasmarlo-y-hacerlo-capaz-de-amar-escribe-el-papa\/\" class=\"more-link\">Continuar leyendo<span class=\"screen-reader-text\"> \u00abDios gu\u00eda nuestros pasos con el poder de la gracia que el Esp\u00edritu infunde en el coraz\u00f3n para plasmarlo y hacerlo capaz de amar, escribe el Papa\u00bb<\/span><\/a><\/p>\n","protected":false},"author":1,"featured_media":0,"comment_status":"open","ping_status":"closed","sticky":false,"template":"","format":"standard","meta":{"footnotes":""},"categories":[1],"tags":[],"class_list":["post-12568","post","type-post","status-publish","format-standard","hentry","category-general"],"_links":{"self":[{"href":"https:\/\/www.biblia.work\/noticias\/wp-json\/wp\/v2\/posts\/12568","targetHints":{"allow":["GET"]}}],"collection":[{"href":"https:\/\/www.biblia.work\/noticias\/wp-json\/wp\/v2\/posts"}],"about":[{"href":"https:\/\/www.biblia.work\/noticias\/wp-json\/wp\/v2\/types\/post"}],"author":[{"embeddable":true,"href":"https:\/\/www.biblia.work\/noticias\/wp-json\/wp\/v2\/users\/1"}],"replies":[{"embeddable":true,"href":"https:\/\/www.biblia.work\/noticias\/wp-json\/wp\/v2\/comments?post=12568"}],"version-history":[{"count":0,"href":"https:\/\/www.biblia.work\/noticias\/wp-json\/wp\/v2\/posts\/12568\/revisions"}],"wp:attachment":[{"href":"https:\/\/www.biblia.work\/noticias\/wp-json\/wp\/v2\/media?parent=12568"}],"wp:term":[{"taxonomy":"category","embeddable":true,"href":"https:\/\/www.biblia.work\/noticias\/wp-json\/wp\/v2\/categories?post=12568"},{"taxonomy":"post_tag","embeddable":true,"href":"https:\/\/www.biblia.work\/noticias\/wp-json\/wp\/v2\/tags?post=12568"}],"curies":[{"name":"wp","href":"https:\/\/api.w.org\/{rel}","templated":true}]}}