{"id":12573,"date":"2017-03-09T10:15:02","date_gmt":"2017-03-09T15:15:02","guid":{"rendered":"http:\/\/www.biblia.work\/noticias\/un-auto-electrico-a-disposicion-de-francisco-pero-aun-no-lo-usa\/"},"modified":"2017-03-09T10:15:02","modified_gmt":"2017-03-09T15:15:02","slug":"un-auto-electrico-a-disposicion-de-francisco-pero-aun-no-lo-usa","status":"publish","type":"post","link":"https:\/\/www.biblia.work\/noticias\/un-auto-electrico-a-disposicion-de-francisco-pero-aun-no-lo-usa\/","title":{"rendered":"Un auto el\u00e9ctrico a disposici\u00f3n de Francisco, pero a\u00fan no lo usa"},"content":{"rendered":"<p style=\"text-align: justify\">(ZENIT- Ciudad del Vaticano).- Un auto el\u00e9ctrico <em>Nissan Leaf<\/em> ha sido entregada al Papa en la fecha de su cumplea\u00f1os, el 17 de diciembre pasado. La noticia fue dada a conocer en los \u00faltimos d\u00edas por diversos medios de comunicaci\u00f3n, que indicaron al\u00a0Santo Padre como el\u00a0primer jefe de Estado que podr\u00eda a usar un veh\u00edculo a emisiones cero.<\/p>\n<p style=\"text-align: justify\">Entretanto desde la Oficina de prensa de la Santa Sede, su vicedirectora Paloma Ovejero le indic\u00f3 hoy jueves a ZENIT: \u201cNo hay nada que indique que el Papa est\u00e9 pensando cambiar de veh\u00edculo. Ninguno de sus veh\u00edculos\u201d.<\/p>\n<p style=\"text-align: justify\">Desde la <em>DriWe<\/em> di Bergamo, gestora de la alemana <em>Wermuth Asset Management GmbH,<\/em> quienes le dieron por un a\u00f1o la <em>Nissan Leaf<\/em> al Papa, su portavoz Luca Secco, conversando con ZENIT indic\u00f3 que el uso del veh\u00edculo \u201cpodr\u00e1 depender tambi\u00e9n de las delicadas medidas de seguridad entorno al Santo Padre\u201d.<\/p>\n<p style=\"text-align: justify\">Secco adem\u00e1s indic\u00f3: \u201cLa hemos probado juntos y ha realizado un giro dentro de la Ciudad del Vaticano, le gust\u00f3 la comodidad y lo silencioso del Veh\u00edculo\u201d. Precis\u00f3 adem\u00e1s que le dieron la posibilidad de elegir entre los diversos modelos de una misma gama: \u201cLe propusimos un veh\u00edculo el Perla, m\u00e1s lujoso y \u00e9l por sobriedad eligi\u00f3 el m\u00e1s econ\u00f3mico en su tipo&#8221;.<\/p>\n<p style=\"text-align: justify\">Concluy\u00f3 se\u00f1alando que el veh\u00edculo ha sido dado por un a\u00f1o y entra en un proyecto comprende un estudio de factibilidad que ha realizado el grupo alem\u00e1n sobre energ\u00eda verde del Vaticano y de su red de veh\u00edculos. El precio de un\u00a0veh\u00edculo de este tipo es entorno a los 25 mil euros, al menos la mitad de un modelo de lujo, pero el doble de un modelo comercial o utilitario.<\/p>\n<p style=\"text-align: justify\">Entretanto Francisco no es\u00a0el primer pont\u00edfice o jefe de Estado a usar un veh\u00edculo el\u00e9ctrico: el 5 de septiembre de 2012 el papa Benedicto XVI, gir\u00f3\u00a0en <em>Castel Gandolfo<\/em>\u00a0con uno de los dos veh\u00edculos el\u00e9ctricos que regal\u00f3 la Renault, una monovolumen <em>Kangoo ZE Maxi<\/em>.<\/p>\n<p style=\"text-align: justify\">El entonces portavoz del Vaticano, padre Federico Lombardi record\u00f3 que Benedicto XVI ya hab\u00eda viajado en autos el\u00e9ctricos como en los \u201cviajes italianos a Arezzo y Venecia\u201d o \u201cen la procesi\u00f3n del Mi\u00e9rcoles de Cenizas en el Avventino\u201d. Desde entonces, la empresa de energ\u00eda Enel, instal\u00f3 en el Vaticano y en <em>Castel Gandolfo,<\/em> ocho columnas de recarga.<\/p>\n<p style=\"text-align: justify\">Otros veh\u00edculos el\u00e9ctricos fueron regalados al Vaticano, como el de la empresa italiana NWG, para dos personas.<\/p>\n<p style=\"text-align: justify\">Desde Benedicto XVI el Vaticano ha iniciado a cambiar hacia la energ\u00eda limpia. El ingeniero Villarini se\u00f1al\u00f3 en el 2008, en una entrevista publicada en el Osservatore Romano que el objetivo para el pr\u00f3ximo 2020 es consumir al menos el 20 por ciento de energ\u00eda limpia. Un proyecto \u201cque naci\u00f3 despu\u00e9s de una serie de discursos de Benedicto XVI\u201d sobre \u201csostenibilidad ambiental\u201d, en particular el del \u201c1\u00ba de enero de 2017 en ocasi\u00f3n de la Jornada Mundial de la Paz\u201d.<\/p>\n<p><span class=\"et_bloom_bottom_trigger\"><\/span><\/p>\n<p><a href=\"https:\/\/es.zenit.org\/\" target=\"_blank\" rel=\"nofollow\">Fuente: es.zenit.org<\/a><\/p>\n","protected":false},"excerpt":{"rendered":"<p>(ZENIT- Ciudad del Vaticano).- Un auto el\u00e9ctrico Nissan Leaf ha sido entregada al Papa en la fecha de su cumplea\u00f1os, el 17 de diciembre pasado. La noticia fue dada a conocer en los \u00faltimos d\u00edas por diversos medios de comunicaci\u00f3n, que indicaron al\u00a0Santo Padre como el\u00a0primer jefe de Estado que podr\u00eda a usar un veh\u00edculo &hellip; <a href=\"https:\/\/www.biblia.work\/noticias\/un-auto-electrico-a-disposicion-de-francisco-pero-aun-no-lo-usa\/\" class=\"more-link\">Continuar leyendo<span class=\"screen-reader-text\"> \u00abUn auto el\u00e9ctrico a disposici\u00f3n de Francisco, pero a\u00fan no lo usa\u00bb<\/span><\/a><\/p>\n","protected":false},"author":1,"featured_media":0,"comment_status":"open","ping_status":"closed","sticky":false,"template":"","format":"standard","meta":{"footnotes":""},"categories":[1],"tags":[],"class_list":["post-12573","post","type-post","status-publish","format-standard","hentry","category-general"],"_links":{"self":[{"href":"https:\/\/www.biblia.work\/noticias\/wp-json\/wp\/v2\/posts\/12573","targetHints":{"allow":["GET"]}}],"collection":[{"href":"https:\/\/www.biblia.work\/noticias\/wp-json\/wp\/v2\/posts"}],"about":[{"href":"https:\/\/www.biblia.work\/noticias\/wp-json\/wp\/v2\/types\/post"}],"author":[{"embeddable":true,"href":"https:\/\/www.biblia.work\/noticias\/wp-json\/wp\/v2\/users\/1"}],"replies":[{"embeddable":true,"href":"https:\/\/www.biblia.work\/noticias\/wp-json\/wp\/v2\/comments?post=12573"}],"version-history":[{"count":0,"href":"https:\/\/www.biblia.work\/noticias\/wp-json\/wp\/v2\/posts\/12573\/revisions"}],"wp:attachment":[{"href":"https:\/\/www.biblia.work\/noticias\/wp-json\/wp\/v2\/media?parent=12573"}],"wp:term":[{"taxonomy":"category","embeddable":true,"href":"https:\/\/www.biblia.work\/noticias\/wp-json\/wp\/v2\/categories?post=12573"},{"taxonomy":"post_tag","embeddable":true,"href":"https:\/\/www.biblia.work\/noticias\/wp-json\/wp\/v2\/tags?post=12573"}],"curies":[{"name":"wp","href":"https:\/\/api.w.org\/{rel}","templated":true}]}}