{"id":12574,"date":"2017-03-09T10:15:02","date_gmt":"2017-03-09T15:15:02","guid":{"rendered":"http:\/\/www.biblia.work\/noticias\/el-santo-padre-nombra-obispo-para-la-diocesis-de-plasencia\/"},"modified":"2017-03-09T10:15:02","modified_gmt":"2017-03-09T15:15:02","slug":"el-santo-padre-nombra-obispo-para-la-diocesis-de-plasencia","status":"publish","type":"post","link":"https:\/\/www.biblia.work\/noticias\/el-santo-padre-nombra-obispo-para-la-diocesis-de-plasencia\/","title":{"rendered":"El Santo Padre nombra obispo para la di\u00f3cesis de Plasencia"},"content":{"rendered":"<p style=\"text-align: justify\">(ZENIT &#8211; Ciudad del Vaticano, 9 Mar 2017).-\u00a0El Santo Padre ha nombrado obispo de la di\u00f3cesis de Plasencia (Espa\u00f1a) al \u00a0Rev.do Jos\u00e9 Luis Retana Gozalo, hasta ahora delegado diocesano para las instituciones de ense\u00f1anza de la di\u00f3cesis de \u00c1vila y p\u00e1rroco. El nombramiento ha sido dado a conocer hoy jueves, por la Oficina de prensa de la Santa Sede.<\/p>\n<p style=\"text-align: justify\">El padre Jos\u00e9 Luis Retana Gozalo naci\u00f3 en Pedro Bernardo, di\u00f3cesis de \u00c1vila el 12 de marzo de 1953. Estudi\u00f3 filosof\u00eda y teolog\u00eda en el Seminario de \u00c1vila en Salamanca. Fue ordenado sacerdote en Pedro Bernardo el \u00a029 de septiembre de 1979. Estudi\u00f3 durante dos a\u00f1os en la Facultad de Teolog\u00eda de Friburgo (Suiza).<\/p>\n<p style=\"text-align: justify\">Sigui\u00f3 los cursos de Geograf\u00eda e Historia de la Universidad Nacional de Educaci\u00f3n a Distancia. Tiene una \u00a0licenciatura en Teolog\u00eda en la Universidad de Salamanca, donde tambi\u00e9n hizo los cursos de doctorado. Ha publicado varios libros de temas hist\u00f3ricos.<\/p>\n<p style=\"text-align: justify\">Ha ocupado los siguientes cargos: formador y profesor del Colegio Diocesano La Asunci\u00f3n de \u00c1vila (1979-1993); rector del Seminario de \u00c1vila en Salamanca (1993-1999); vcario episcopal y e secretario del obispo (1998-2005); can\u00f3nigo de la catedral de \u00c1vila (desde 2002); rector del Seminario de \u00c1vila en Salamanca (2003-2012). Actualmente es\u00a0 delegado episcopal para las instituciones diocesanas de ense\u00f1anza y p\u00e1rroco de San Pedro Bautista, a partir de 2012, y presidente del cabildo catedralicio desde 2015.<\/p>\n<p style=\"text-align: justify\">A fines de 2013 en la di\u00f3cesis hab\u00eda 270.10 bautizados, sobre una poblaci\u00f3n de 279.100 personas, lo que supone un 96,8% del total.<\/p>\n<p><span class=\"et_bloom_bottom_trigger\"><\/span><\/p>\n<p><a href=\"https:\/\/es.zenit.org\/\" target=\"_blank\" rel=\"nofollow\">Fuente: es.zenit.org<\/a><\/p>\n","protected":false},"excerpt":{"rendered":"<p>(ZENIT &#8211; Ciudad del Vaticano, 9 Mar 2017).-\u00a0El Santo Padre ha nombrado obispo de la di\u00f3cesis de Plasencia (Espa\u00f1a) al \u00a0Rev.do Jos\u00e9 Luis Retana Gozalo, hasta ahora delegado diocesano para las instituciones de ense\u00f1anza de la di\u00f3cesis de \u00c1vila y p\u00e1rroco. El nombramiento ha sido dado a conocer hoy jueves, por la Oficina de prensa &hellip; <a href=\"https:\/\/www.biblia.work\/noticias\/el-santo-padre-nombra-obispo-para-la-diocesis-de-plasencia\/\" class=\"more-link\">Continuar leyendo<span class=\"screen-reader-text\"> \u00abEl Santo Padre nombra obispo para la di\u00f3cesis de Plasencia\u00bb<\/span><\/a><\/p>\n","protected":false},"author":1,"featured_media":0,"comment_status":"open","ping_status":"closed","sticky":false,"template":"","format":"standard","meta":{"footnotes":""},"categories":[1],"tags":[],"class_list":["post-12574","post","type-post","status-publish","format-standard","hentry","category-general"],"_links":{"self":[{"href":"https:\/\/www.biblia.work\/noticias\/wp-json\/wp\/v2\/posts\/12574","targetHints":{"allow":["GET"]}}],"collection":[{"href":"https:\/\/www.biblia.work\/noticias\/wp-json\/wp\/v2\/posts"}],"about":[{"href":"https:\/\/www.biblia.work\/noticias\/wp-json\/wp\/v2\/types\/post"}],"author":[{"embeddable":true,"href":"https:\/\/www.biblia.work\/noticias\/wp-json\/wp\/v2\/users\/1"}],"replies":[{"embeddable":true,"href":"https:\/\/www.biblia.work\/noticias\/wp-json\/wp\/v2\/comments?post=12574"}],"version-history":[{"count":0,"href":"https:\/\/www.biblia.work\/noticias\/wp-json\/wp\/v2\/posts\/12574\/revisions"}],"wp:attachment":[{"href":"https:\/\/www.biblia.work\/noticias\/wp-json\/wp\/v2\/media?parent=12574"}],"wp:term":[{"taxonomy":"category","embeddable":true,"href":"https:\/\/www.biblia.work\/noticias\/wp-json\/wp\/v2\/categories?post=12574"},{"taxonomy":"post_tag","embeddable":true,"href":"https:\/\/www.biblia.work\/noticias\/wp-json\/wp\/v2\/tags?post=12574"}],"curies":[{"name":"wp","href":"https:\/\/api.w.org\/{rel}","templated":true}]}}