{"id":12579,"date":"2017-03-09T11:10:03","date_gmt":"2017-03-09T16:10:03","guid":{"rendered":"http:\/\/www.biblia.work\/noticias\/marcha-contra-ideologia-de-genero-reune-a-millones-en-peru\/"},"modified":"2017-03-09T11:10:03","modified_gmt":"2017-03-09T16:10:03","slug":"marcha-contra-ideologia-de-genero-reune-a-millones-en-peru","status":"publish","type":"post","link":"https:\/\/www.biblia.work\/noticias\/marcha-contra-ideologia-de-genero-reune-a-millones-en-peru\/","title":{"rendered":"Marcha contra ideolog\u00eda de g\u00e9nero re\u00fane a millones en Per\u00fa"},"content":{"rendered":"<p style=\"text-align: justify\">PER\u00da. &#8211; El pueblo peruano fue a las calles con la bandera #ConMisHijosNoTeMetas. M\u00e1s de un mill\u00f3n y medio de personas se manifestaron en las 24 regiones del Per\u00fa contra el adoctrinamiento de la ideolog\u00eda de g\u00e9nero para estudiantes menores de edad.<\/p>\n<p style=\"text-align: justify\">Seg\u00fan Aci Digital, en la ceremonia de cierre en Lima, capital del pa\u00eds, la organizaci\u00f3n dijo que el evento que se realiz\u00f3 el 4 de marzo, en diferentes ciudades del Per\u00fa, super\u00f3 un mill\u00f3n y medio de participantes.<\/p>\n<p style=\"text-align: justify\">A la marcha asistieron los congresistas, Julio Rosa, Carlos Tubino, Nelly Cuadros, Juan Carlos Gonzales, Marco Miyashiro, Roberto Vieira, Federico Pariona y Edwin Donayre.<\/p>\n<p style=\"text-align: justify\">#ConMisHijosNoTeMetas es una contraofensiva al gobierno peruano a trav\u00e9s del Ministerio de Educaci\u00f3n, que quiere poner en pr\u00e1ctica la ideolog\u00eda de g\u00e9nero en 2017, con un plan nacional de estudios para ni\u00f1os desde los primeros meses de vida, para que ideolog\u00eda de g\u00e9nero se convierta en normativa.<\/p>\n<p style=\"text-align: justify\">En varios puntos de Lima, miles de grupos se reunieron y fueron a la Plaza San Mart\u00edn, en la regi\u00f3n central. El evento cont\u00f3 con el apoyo de la diputada colombiana \u00c1ngela Hern\u00e1ndez, quien lider\u00f3 en Colombia en 2016, muchas manifestaciones contra el adoctrinamiento de ni\u00f1os por ideolog\u00eda de g\u00e9nero.<\/p>\n<p style=\"text-align: justify\">En declaraciones, Hern\u00e1ndez dijo que la ideolog\u00eda de g\u00e9nero es &#8220;perversa&#8221; y advirti\u00f3 que &#8220;se pretende colonizar las mentes de nuestros hijos&#8221; y &#8220;da\u00f1ar a la identidad sexual que tenemos hoy en d\u00eda&#8221;. La parlamentaria colombiana solicit\u00f3 al presidente de Per\u00fa, Pedro Pablo Kuczynski, que escuche &#8220;la voluntad democr\u00e1tica del pueblo, remueva esta ideolog\u00eda de los curr\u00edculos escolares&#8221; y &#8220;respete el derecho de los padres de educar a sus hijos&#8221;.<\/p>\n<p style=\"text-align: justify\">Las protestas masivas llevaron a la renuncia de la entonces ministra de Educaci\u00f3n, Gina Parody.<\/p>\n<p style=\"text-align: justify\"><strong>Iglesia tambi\u00e9n es contrario a la ideolog\u00eda de g\u00e9nero<\/strong><\/p>\n<p style=\"text-align: justify\">El vicario episcopal de la Comisi\u00f3n de Familia y Vida de la Arquidi\u00f3cesis de Lima (Per\u00fa), Luis Gaspar, hizo hincapi\u00e9 en que &#8220;la educaci\u00f3n, primero es derecho de los padres para con sus hijos, no es negociable&#8221;. &#8220;Estamos en una guerra moral, una guerra espiritual y el campo de batalla es la mente de sus hijos, y los defenderemos hasta el final de nuestros d\u00edas&#8221;. Gaspar tambi\u00e9n invit\u00f3 a los manifestantes a participar en la Marcha por la Vida, que se realizar\u00e1 en Lima el 25 de marzo.<\/p>\n<p style=\"text-align: justify\">La Conferencia Episcopal Peruana, en enero, inform\u00f3 que el gobierno &#8220;debe cesar inmediatamente con el nuevo Curr\u00edculo Nacional sobre aquellas nociones de ideolog\u00eda de g\u00e9nero&#8221;.<\/p>\n<p style=\"text-align: justify\">La entrada <a rel=\"nofollow\" href=\"http:\/\/www.noticiacristiana.com\/educacion\/educacion-publica\/2017\/03\/marcha-ideologia-de-genero-millones-peru.html\">Marcha contra ideolog\u00eda de g\u00e9nero re\u00fane a millones en Per\u00fa<\/a> aparece primero en <a rel=\"nofollow\" href=\"http:\/\/www.noticiacristiana.com\">NoticiaCristiana.com<\/a>.<\/p>\n","protected":false},"excerpt":{"rendered":"<p>PER\u00da. &#8211; El pueblo peruano fue a las calles con la bandera #ConMisHijosNoTeMetas. M\u00e1s de un mill\u00f3n y medio de personas se manifestaron en las 24 regiones del Per\u00fa contra el adoctrinamiento de la ideolog\u00eda de g\u00e9nero para estudiantes menores de edad. Seg\u00fan Aci Digital, en la ceremonia de cierre en Lima, capital del pa\u00eds, &hellip; <a href=\"https:\/\/www.biblia.work\/noticias\/marcha-contra-ideologia-de-genero-reune-a-millones-en-peru\/\" class=\"more-link\">Continuar leyendo<span class=\"screen-reader-text\"> \u00abMarcha contra ideolog\u00eda de g\u00e9nero re\u00fane a millones en Per\u00fa\u00bb<\/span><\/a><\/p>\n","protected":false},"author":1,"featured_media":0,"comment_status":"open","ping_status":"closed","sticky":false,"template":"","format":"standard","meta":{"footnotes":""},"categories":[1],"tags":[],"class_list":["post-12579","post","type-post","status-publish","format-standard","hentry","category-general"],"_links":{"self":[{"href":"https:\/\/www.biblia.work\/noticias\/wp-json\/wp\/v2\/posts\/12579","targetHints":{"allow":["GET"]}}],"collection":[{"href":"https:\/\/www.biblia.work\/noticias\/wp-json\/wp\/v2\/posts"}],"about":[{"href":"https:\/\/www.biblia.work\/noticias\/wp-json\/wp\/v2\/types\/post"}],"author":[{"embeddable":true,"href":"https:\/\/www.biblia.work\/noticias\/wp-json\/wp\/v2\/users\/1"}],"replies":[{"embeddable":true,"href":"https:\/\/www.biblia.work\/noticias\/wp-json\/wp\/v2\/comments?post=12579"}],"version-history":[{"count":0,"href":"https:\/\/www.biblia.work\/noticias\/wp-json\/wp\/v2\/posts\/12579\/revisions"}],"wp:attachment":[{"href":"https:\/\/www.biblia.work\/noticias\/wp-json\/wp\/v2\/media?parent=12579"}],"wp:term":[{"taxonomy":"category","embeddable":true,"href":"https:\/\/www.biblia.work\/noticias\/wp-json\/wp\/v2\/categories?post=12579"},{"taxonomy":"post_tag","embeddable":true,"href":"https:\/\/www.biblia.work\/noticias\/wp-json\/wp\/v2\/tags?post=12579"}],"curies":[{"name":"wp","href":"https:\/\/api.w.org\/{rel}","templated":true}]}}