{"id":12585,"date":"2017-03-09T13:15:02","date_gmt":"2017-03-09T18:15:02","guid":{"rendered":"http:\/\/www.biblia.work\/noticias\/entrevista-al-car-ravasi-la-consulta-finalmente-una-voz-femenina-en-la-curia-romana\/"},"modified":"2017-03-09T13:15:02","modified_gmt":"2017-03-09T18:15:02","slug":"entrevista-al-car-ravasi-la-consulta-finalmente-una-voz-femenina-en-la-curia-romana","status":"publish","type":"post","link":"https:\/\/www.biblia.work\/noticias\/entrevista-al-car-ravasi-la-consulta-finalmente-una-voz-femenina-en-la-curia-romana\/","title":{"rendered":"Entrevista al Car. Ravasi: \u201cLa Consulta, finalmente una voz femenina en la Curia romana\u201d"},"content":{"rendered":"<p style=\"text-align: justify\">(ZENIT &#8211; Ciudad del Vaticano).-\u00a0\u201cEs necesario iniciar a dar m\u00e1s presencia a las mujeres en el Vaticano, y que no sea una presencia decorativa\u00a0o cosm\u00e9tica\u201d. Lo dijo en una entrevista exclusiva a ZENIT, el cardenal Gianfranco Ravasi, presidente del Consejo pontificio para la cultura. El purpurado ha hablado despu\u00e9s de\u00a0la presentaci\u00f3n de la consulta femenina a los medios de comunicaci\u00f3n, este martes 7 de marzo de 2017.<\/p>\n<p style=\"text-align: justify\">Ravasi indic\u00f3 que quiso la creaci\u00f3n de este nuevo organismo para dar a las actividades del dicasterio una \u201cmirada femenina\u201d, que ofrezca a los hombres indicaciones que ni siquiera lograr\u00edmos sospechar.<\/p>\n<p style=\"text-align: justify\"><strong>\u00bfCon cu\u00e1les criterios fueron elegidas las mujeres de la Consulta femenina?<br \/>\n<\/strong>&#8211;Card. Ravasi: Fue una de las tareas m\u00e1s arduas. Primero de por el tema internacional. Quince de ellas vienen de Estados Unidos, Irlanda, Ir\u00e1n, Chile, Turqu\u00eda y otros pa\u00edses. Tambi\u00e9n por el\u00a0tema interreligioso, y est\u00e1n representadas diversas visiones: islam, juda\u00edsmo, cristianismo en sus diversas formas, tambi\u00e9n la protestante. El tercer criterio fue el de las profesiones, actividades, privilegiando a las mujeres que trabajan en el \u00e1mbito de la cultura, universidad, arte, medicina, ciencias, pero tambi\u00e9n en otros \u00e1mbitos como\u00a0en el deporte. El cuarto criterio fue la experiencia familiar. Algunas no est\u00e1n casadas, otras tiene familia y se plantean c\u00f3mo hacer crecer a sus\u00a0hijos, etc. Seguido por el criterio de la &#8216;sensibilidad&#8217;.<\/p>\n<p style=\"text-align: justify\"><strong>\u00bfEn que sentido &#8216;sensibilidad&#8217;?<br \/>\n<\/strong>&#8211;Card. Ravasi: Por ejemplo, sobre\u00a0la pol\u00edtica, porque quise tambi\u00e9n que la pol\u00edtica este representada. He elegido a una persona que se ocupa del problema del &#8216;descarte alimentario&#8217;, o sea un tercio de todo el alimento producido. Est\u00e1 adem\u00e1s una persona que es voluntaria, parte de la comisi\u00f3n parlamentar que se ocupa de los refugiados. Adem\u00e1s porque quer\u00eda considerar el tema de la pobreza y migraciones, en el esp\u00edritu del papa Francisco. Hay as\u00ed en la Consulta, tambi\u00e9n quienes realizan actividades caritativas.<\/p>\n<p style=\"text-align: justify\"><strong>\u00bfHan hablado con el Papa sobre la Consulta?<br \/>\n<\/strong>&#8211;Card. Ravasi: S\u00ed, hemos hablado y \u00e9l comparte esta idea, porque desde siempre se habla que faltan voces femeninas en la Curia romana. Sabemos que existen dificultades, las estructuras son complejas, la historia pasada es un poco &#8216;pesada&#8217;, pero por alg\u00fan lado hay que empezar. Y lo repito, la presencia de las mujeres no tiene que ser solamente &#8216;decorativa&#8217;, porque se necesita por as\u00ed decir\u00a0una &#8216;cuota rosada&#8217;.<\/p>\n<p style=\"text-align: justify\">Por eso digo que la funci\u00f3n de estas mujeres es real, est\u00e1n llamadas a expresar un juicio, ya me han criticado algunas propuestas e indicado otras. Por ejemplo, sobre al pr\u00f3xima asamblea plenaria del dicasterio que abordar\u00e1el tema de\u00a0neurociencias, inteligencia artificial, gen\u00e9tica, rob\u00f3tica, etc., ellas expresaron &#8211;como mujeres y en cuanto cient\u00edficas&#8211; juicios que no ser\u00edamos capaces de formular.<\/p>\n<p style=\"text-align: justify\">A tal punto que la apertura de la pr\u00f3xima plenaria estar\u00e1 organizada por la Consulta femenina. Ser\u00e1 un espect\u00e1culo de televisi\u00f3n en el que ya iniciaron a trabajar.<\/p>\n<p style=\"text-align: justify\"><strong>Este grupo que inicia a activarse en el dicasterio de la Cultura, puede ser un &#8216;experimento&#8217; para saber si algo similar puede ser instituido en otros sectores?<br \/>\n<\/strong>&#8211;Card. Ravasi: Lo espero, despu\u00e9s cada uno sabe c\u00f3mo funciona. Pienso tambi\u00e9n que sea posible, lo dec\u00eda el papa Francisco, que algunas funciones en los dicasterios vaticanos sean realizadas por mujeres. Por ejemplo yo no tengo ning\u00fan &#8216;oficial&#8217; mujer. Ellas\u00a0trabajan all\u00ed como secretarias o con posiciones administrativas y esto es una cosa\u00a0equivocada.<\/p>\n<p><span class=\"et_bloom_bottom_trigger\"><\/span><\/p>\n<p><a href=\"https:\/\/es.zenit.org\/\" target=\"_blank\" rel=\"nofollow\">Fuente: es.zenit.org<\/a><\/p>\n","protected":false},"excerpt":{"rendered":"<p>(ZENIT &#8211; Ciudad del Vaticano).-\u00a0\u201cEs necesario iniciar a dar m\u00e1s presencia a las mujeres en el Vaticano, y que no sea una presencia decorativa\u00a0o cosm\u00e9tica\u201d. Lo dijo en una entrevista exclusiva a ZENIT, el cardenal Gianfranco Ravasi, presidente del Consejo pontificio para la cultura. El purpurado ha hablado despu\u00e9s de\u00a0la presentaci\u00f3n de la consulta femenina &hellip; <a href=\"https:\/\/www.biblia.work\/noticias\/entrevista-al-car-ravasi-la-consulta-finalmente-una-voz-femenina-en-la-curia-romana\/\" class=\"more-link\">Continuar leyendo<span class=\"screen-reader-text\"> \u00abEntrevista al Car. Ravasi: \u201cLa Consulta, finalmente una voz femenina en la Curia romana\u201d\u00bb<\/span><\/a><\/p>\n","protected":false},"author":1,"featured_media":0,"comment_status":"open","ping_status":"closed","sticky":false,"template":"","format":"standard","meta":{"footnotes":""},"categories":[1],"tags":[],"class_list":["post-12585","post","type-post","status-publish","format-standard","hentry","category-general"],"_links":{"self":[{"href":"https:\/\/www.biblia.work\/noticias\/wp-json\/wp\/v2\/posts\/12585","targetHints":{"allow":["GET"]}}],"collection":[{"href":"https:\/\/www.biblia.work\/noticias\/wp-json\/wp\/v2\/posts"}],"about":[{"href":"https:\/\/www.biblia.work\/noticias\/wp-json\/wp\/v2\/types\/post"}],"author":[{"embeddable":true,"href":"https:\/\/www.biblia.work\/noticias\/wp-json\/wp\/v2\/users\/1"}],"replies":[{"embeddable":true,"href":"https:\/\/www.biblia.work\/noticias\/wp-json\/wp\/v2\/comments?post=12585"}],"version-history":[{"count":0,"href":"https:\/\/www.biblia.work\/noticias\/wp-json\/wp\/v2\/posts\/12585\/revisions"}],"wp:attachment":[{"href":"https:\/\/www.biblia.work\/noticias\/wp-json\/wp\/v2\/media?parent=12585"}],"wp:term":[{"taxonomy":"category","embeddable":true,"href":"https:\/\/www.biblia.work\/noticias\/wp-json\/wp\/v2\/categories?post=12585"},{"taxonomy":"post_tag","embeddable":true,"href":"https:\/\/www.biblia.work\/noticias\/wp-json\/wp\/v2\/tags?post=12585"}],"curies":[{"name":"wp","href":"https:\/\/api.w.org\/{rel}","templated":true}]}}