{"id":12588,"date":"2017-03-09T14:15:04","date_gmt":"2017-03-09T19:15:04","guid":{"rendered":"http:\/\/www.biblia.work\/noticias\/entrevista-de-francisco-a-die-zeit-los-populismos-son-mesianicos-y-terminan-mal-lo-demuestra-el-siglo-pasado\/"},"modified":"2017-03-09T14:15:04","modified_gmt":"2017-03-09T19:15:04","slug":"entrevista-de-francisco-a-die-zeit-los-populismos-son-mesianicos-y-terminan-mal-lo-demuestra-el-siglo-pasado","status":"publish","type":"post","link":"https:\/\/www.biblia.work\/noticias\/entrevista-de-francisco-a-die-zeit-los-populismos-son-mesianicos-y-terminan-mal-lo-demuestra-el-siglo-pasado\/","title":{"rendered":"Entrevista de Francisco a Die Zeit: Los populismos son mesi\u00e1nicos y terminan mal, lo demuestra el siglo pasado"},"content":{"rendered":"<p style=\"text-align: justify\">(ZENIT- Roma).- \u201cLa idealizaci\u00f3n de una persona es una forma sutil de agresi\u00f3n\u201d y \u201ccuando me idealizan, me siento agredido\u201d. Lo indica el papa Francisco en una entrevista reci\u00e9n publicada en el semanario alem\u00e1n <em>Die Zeit<\/em>. Y precisa: \u201cNo me considero un hombre excepcional\u201d, \u201cSoy un pecador\u201d, \u201cun hombre que hace lo que puede\u201d.<\/p>\n<p style=\"text-align: justify\">La entrevista trata de muchos temas pero inicia con algunos ataques el Pont\u00edfice ha sufrido, como unos afiches pegados en la zona del Vaticano que le acusaban de ser \u201cpoco misericordioso\u201d. As\u00ed el Papa se\u00f1ala que \u201cdesde el momento en que he sido elegido papa, no he perdido la paz. Comprendo que a alguien no le guste mi modo de actuar, pero lo entiendo; hay tantos modos de pensar, es leg\u00edtimo y tambi\u00e9n es humano, es una riqueza\u201d.<\/p>\n<p style=\"text-align: justify\">Se\u00f1al\u00f3 que en los afiches el dialecto usado \u201cera muy bello\u201d, y \u201cno lo ha escrito uno de la calle\u201d, sino se ve que ha sido una persona culta. Record\u00f3 tambi\u00e9n que todos los d\u00edas reza una oraci\u00f3n de Santo Tom\u00e1s Moro para \u201cpedir el sentido del humor\u201d y que el Se\u00f1or se lo concede.<\/p>\n<p style=\"text-align: justify\">Interrogado sobre el caso de la Orden de Malta, Francisco explic\u00f3 que exist\u00edan problemas dif\u00edciles de gestionar, que el cardenal Burke sigue siendo el Patrono, pero que ha nombrado a un delegado capaz de arreglar las cosas.<\/p>\n<p style=\"text-align: justify\">A prop\u00f3sito de las vocaciones, el Santo Padre reconoce que \u201ces un problema grande y grave\u201d, porque si no hay sacerdotes falta la Eucaristia, y \u201cla Eucarist\u00eda hace iglesia\u201d. Consider\u00f3 que si faltan las vocaciones sacerdotales tambi\u00e9n es porque falta la oraci\u00f3n, sin subestimar el problema de la baja natalidad.<\/p>\n<p style=\"text-align: justify\">Calific\u00f3 como\u00a0importante el trabajo con los j\u00f3venes pero advirti\u00f3 que no se puede caer en el proselitismo, y que adem\u00e1s es necesario seleccionar, porque si no existe una vocaci\u00f3n verdadera despu\u00e9s ser\u00e1 todo el pueblo quien sufrir\u00e1. A\u00f1adi\u00f3 entretanto que el \u201ccelibato opcional no es la soluci\u00f3n\u201d. Mientras la cuesti\u00f3n de los \u201c<em>viri probati<\/em>\u201d es una posibilidad, pero es necesario precisar los deberes que pueden asumir para las \u201ccomunidades aisladas\u201d.<\/p>\n<p style=\"text-align: justify\">El Pont\u00edfice responde sobre sus momentos de dificultad en la Fe, y reitera que ha tenido \u201cmomentos oscuros\u201d y tambi\u00e9n \u201cmomentos vac\u00edos\u201d. Incluso situaciones que han hecho que se enojara con Dios, si bien \u201cno se puede crecer sin crisis\u201d contrariamente \u201cuno se queda infantil\u201d.<\/p>\n<p style=\"text-align: justify\">\u00bfC\u00f3mo volver a la fe? Francisco le indica al entrevistador que la fe es un don: \u201cLa pido, y \u00c9l responde. \u00a1Antes o despu\u00e9s. Pero a veces es necesario esperar una crisis\u201d.<\/p>\n<p style=\"text-align: justify\">Interrogado sobre si el hombre es bueno o malo, Francisco responde que \u201cel hombre est\u00e1 hecho a imagen de Dios\u201d pero \u201cha sido tentado y se est\u00e1 herido\u201d, por tanto, \u201ces d\u00e9bil\u201d.<\/p>\n<p style=\"text-align: justify\">\u201cAd\u00e1n no fue malo. Fue d\u00e9bil, fue tentado por el diablo. En cambio, la primera maldad es la del hijo, la de Ca\u00edn\u201d, que mata no por debilidad, sino \u201cpor celos, por envidia, por deseo de poder\u2026 es la maldad de las guerras\u201d como \u201cla maldad\u201d de quien fabrica armas\u201d.<\/p>\n<p style=\"text-align: justify\">Sobre el reaparecer de los movimientos populistas en Europa, el pont\u00edfice no niega su preocupaci\u00f3n, porque detr\u00e1s de ellos \u201chay un mesianismo\u201d y se justifican porque hablan de defender la identidad de un pueblo. Lo contrario de lo sucedido despu\u00e9s de la II Guerra mundial, con la unidad europea, realizada por l\u00edderes \u201cque son capaces de llevar adelante el bien del pa\u00eds sin estar ellos en el centro\u201d. Porque \u201cel populismo es malo y al final termina mal, como nos lo demuestra el Siglo pasado\u201d.<\/p>\n<p><span class=\"et_bloom_bottom_trigger\"><\/span><\/p>\n<p><a href=\"https:\/\/es.zenit.org\/\" target=\"_blank\" rel=\"nofollow\">Fuente: es.zenit.org<\/a><\/p>\n","protected":false},"excerpt":{"rendered":"<p>(ZENIT- Roma).- \u201cLa idealizaci\u00f3n de una persona es una forma sutil de agresi\u00f3n\u201d y \u201ccuando me idealizan, me siento agredido\u201d. Lo indica el papa Francisco en una entrevista reci\u00e9n publicada en el semanario alem\u00e1n Die Zeit. Y precisa: \u201cNo me considero un hombre excepcional\u201d, \u201cSoy un pecador\u201d, \u201cun hombre que hace lo que puede\u201d. La &hellip; <a href=\"https:\/\/www.biblia.work\/noticias\/entrevista-de-francisco-a-die-zeit-los-populismos-son-mesianicos-y-terminan-mal-lo-demuestra-el-siglo-pasado\/\" class=\"more-link\">Continuar leyendo<span class=\"screen-reader-text\"> \u00abEntrevista de Francisco a Die Zeit: Los populismos son mesi\u00e1nicos y terminan mal, lo demuestra el siglo pasado\u00bb<\/span><\/a><\/p>\n","protected":false},"author":1,"featured_media":0,"comment_status":"open","ping_status":"closed","sticky":false,"template":"","format":"standard","meta":{"footnotes":""},"categories":[1],"tags":[],"class_list":["post-12588","post","type-post","status-publish","format-standard","hentry","category-general"],"_links":{"self":[{"href":"https:\/\/www.biblia.work\/noticias\/wp-json\/wp\/v2\/posts\/12588","targetHints":{"allow":["GET"]}}],"collection":[{"href":"https:\/\/www.biblia.work\/noticias\/wp-json\/wp\/v2\/posts"}],"about":[{"href":"https:\/\/www.biblia.work\/noticias\/wp-json\/wp\/v2\/types\/post"}],"author":[{"embeddable":true,"href":"https:\/\/www.biblia.work\/noticias\/wp-json\/wp\/v2\/users\/1"}],"replies":[{"embeddable":true,"href":"https:\/\/www.biblia.work\/noticias\/wp-json\/wp\/v2\/comments?post=12588"}],"version-history":[{"count":0,"href":"https:\/\/www.biblia.work\/noticias\/wp-json\/wp\/v2\/posts\/12588\/revisions"}],"wp:attachment":[{"href":"https:\/\/www.biblia.work\/noticias\/wp-json\/wp\/v2\/media?parent=12588"}],"wp:term":[{"taxonomy":"category","embeddable":true,"href":"https:\/\/www.biblia.work\/noticias\/wp-json\/wp\/v2\/categories?post=12588"},{"taxonomy":"post_tag","embeddable":true,"href":"https:\/\/www.biblia.work\/noticias\/wp-json\/wp\/v2\/tags?post=12588"}],"curies":[{"name":"wp","href":"https:\/\/api.w.org\/{rel}","templated":true}]}}