{"id":12590,"date":"2017-03-09T15:05:02","date_gmt":"2017-03-09T20:05:02","guid":{"rendered":"http:\/\/www.biblia.work\/noticias\/vaticano-expertos-en-proteccion-a-menores-debatiran-en-roma-sobre-prevencion-de-abusos\/"},"modified":"2017-03-09T15:05:02","modified_gmt":"2017-03-09T20:05:02","slug":"vaticano-expertos-en-proteccion-a-menores-debatiran-en-roma-sobre-prevencion-de-abusos","status":"publish","type":"post","link":"https:\/\/www.biblia.work\/noticias\/vaticano-expertos-en-proteccion-a-menores-debatiran-en-roma-sobre-prevencion-de-abusos\/","title":{"rendered":"Vaticano: Expertos en protecci\u00f3n a menores debatir\u00e1n en Roma sobre prevenci\u00f3n de abusos"},"content":{"rendered":"<p> VATICANO, 09 Mar. 17 (ACI).-<br \/>\n\tExpertos de diferentes disciplinas y procedencias debatir&aacute;n en Roma sobre la protecci&oacute;n y la prevenci&oacute;n de abusos a menores, poniendo una especial atenci&oacute;n en Am&eacute;rica Latina.<\/p>\n<p style=\"text-align: justify\">\n\tSer&aacute; el pr&oacute;ximo 23 de marzo en un seminario organizado por la Pontificia Comisi&oacute;n para la Protecci&oacute;n de Menores (PCPM) en colaboraci&oacute;n con el Centro para la Protecci&oacute;n de los Ni&ntilde;os de la Pontificia Universidad Gregoriana.<\/p>\n<p style=\"text-align: justify\">\n\tEl seminario se desarrollar&aacute; en el Aula Magna de la Universidad y lo presidir&aacute; el Cardenal Sean O&rsquo;Malley, Presidente de la Pontificia Comisi&oacute;n para la Protecci&oacute;n de Menores.<\/p>\n<p style=\"text-align: justify\">\n\tEn los debates participar&aacute;n ponentes de Argentina, Colombia y M&eacute;xico, que se sentar&aacute;n junto a expertos procedentes de Australia e Italia, para compartir sus experiencias y promover una cultura de protecci&oacute;n en colegios, instituciones y comunidades cat&oacute;licas.<\/p>\n<p style=\"text-align: justify\">\n\tEn las mesas de debate, tambi&eacute;n se sentar&aacute;n expertos de la Pontificia Universidad Gregoriana, de la Pontificia Universidad Salesiana y de la Pontificia Facultad de Ciencias de la Educaci&oacute;n Auxilium.<\/p>\n<p style=\"text-align: justify\">\n\tLa PCPM ha se&ntilde;alado la educaci&oacute;n como un punto central de su trabajo. En cualquier lugar de la Iglesia (parroquias, di&oacute;cesis, colegios, hogares, comunidades, seminarios, congregaciones religiosas y la misma Santa Sede), la gente necesita comprender los riesgos de los ni&ntilde;os y de los adultos vulnerables, c&oacute;mo reconocer las se&ntilde;ales de alarma que indican que se est&aacute; produciendo un abuso, c&oacute;mo educar a los ni&ntilde;os y a los adultos vulnerables para protegerse a s&iacute; mismos y para ayudar cuando se necesite su ayuda; y c&oacute;mo crear entornos seguros en la iglesia y en las comunidades para prevenir los abusos.<\/p>\n<p style=\"text-align: justify\">\n\tCon este foro de debate, la PCPM pretende dar un nuevo impulso a su compromiso de promover y apoyar la educaci&oacute;n entre los l&iacute;deres de la Iglesia y de todas las &aacute;reas de trabajo de la Iglesia con ni&ntilde;os y adultos vulnerables.<\/p>\n<p style=\"text-align: justify\">\n\tLas conclusiones a las que lleguen establecer&aacute;n las bases de los planes futuros del PCPM para programas de investigaci&oacute;n y de educaci&oacute;n.<\/p>\n<p style=\"text-align: justify\">\n\tEn una nota de prensa difundida por la PCPM, Kathleen McCormack, Presidenta del Grupo de Trabajo sobre Educaci&oacute;n en las Escuelas y en las Familias de la PCPM afirm&oacute; que &ldquo;en la Iglesia tenemos voluntarios, empleados, educadores y cl&eacute;rigos, y por supuesto necesitamos llegar a las familias y a los mismos ni&ntilde;os. Queremos que la gente comprenda c&oacute;mo generar entornos seguros y c&oacute;mo prevenir abusos sexuales&rdquo;.<\/p>\n<p style=\"text-align: justify\">\n\tLa Pontificia Comisi&oacute;n para la Protecci&oacute;n de Menores se cre&oacute; en marzo de 2014 por iniciativa del Papa Francisco.<\/p>\n<p style=\"text-align: justify\">\n\tTambi&eacute;n te puede interesar:<\/p>\n<p style=\"text-align: justify\">\n\t&nbsp;<\/p>\n<p style=\"text-align: justify\">\n\t\tV&iacute;ctima de abusos renuncia como miembro de la Comisi&oacute;n para la Protecci&oacute;n de Menores https:\/\/t.co\/LkKu0HwXpd<\/p>\n<p>\t&mdash; ACI Prensa (@aciprensa) 1 de marzo de 2017<\/p>\n<p style=\"text-align: justify\">\n\t&nbsp;<\/p>\n","protected":false},"excerpt":{"rendered":"<p>VATICANO, 09 Mar. 17 (ACI).- Expertos de diferentes disciplinas y procedencias debatir&aacute;n en Roma sobre la protecci&oacute;n y la prevenci&oacute;n de abusos a menores, poniendo una especial atenci&oacute;n en Am&eacute;rica Latina. Ser&aacute; el pr&oacute;ximo 23 de marzo en un seminario organizado por la Pontificia Comisi&oacute;n para la Protecci&oacute;n de Menores (PCPM) en colaboraci&oacute;n con el &hellip; <a href=\"https:\/\/www.biblia.work\/noticias\/vaticano-expertos-en-proteccion-a-menores-debatiran-en-roma-sobre-prevencion-de-abusos\/\" class=\"more-link\">Continuar leyendo<span class=\"screen-reader-text\"> \u00abVaticano: Expertos en protecci\u00f3n a menores debatir\u00e1n en Roma sobre prevenci\u00f3n de abusos\u00bb<\/span><\/a><\/p>\n","protected":false},"author":1,"featured_media":0,"comment_status":"open","ping_status":"closed","sticky":false,"template":"","format":"standard","meta":{"footnotes":""},"categories":[1],"tags":[],"class_list":["post-12590","post","type-post","status-publish","format-standard","hentry","category-general"],"_links":{"self":[{"href":"https:\/\/www.biblia.work\/noticias\/wp-json\/wp\/v2\/posts\/12590","targetHints":{"allow":["GET"]}}],"collection":[{"href":"https:\/\/www.biblia.work\/noticias\/wp-json\/wp\/v2\/posts"}],"about":[{"href":"https:\/\/www.biblia.work\/noticias\/wp-json\/wp\/v2\/types\/post"}],"author":[{"embeddable":true,"href":"https:\/\/www.biblia.work\/noticias\/wp-json\/wp\/v2\/users\/1"}],"replies":[{"embeddable":true,"href":"https:\/\/www.biblia.work\/noticias\/wp-json\/wp\/v2\/comments?post=12590"}],"version-history":[{"count":0,"href":"https:\/\/www.biblia.work\/noticias\/wp-json\/wp\/v2\/posts\/12590\/revisions"}],"wp:attachment":[{"href":"https:\/\/www.biblia.work\/noticias\/wp-json\/wp\/v2\/media?parent=12590"}],"wp:term":[{"taxonomy":"category","embeddable":true,"href":"https:\/\/www.biblia.work\/noticias\/wp-json\/wp\/v2\/categories?post=12590"},{"taxonomy":"post_tag","embeddable":true,"href":"https:\/\/www.biblia.work\/noticias\/wp-json\/wp\/v2\/tags?post=12590"}],"curies":[{"name":"wp","href":"https:\/\/api.w.org\/{rel}","templated":true}]}}