{"id":12595,"date":"2017-03-09T20:05:02","date_gmt":"2017-03-10T01:05:02","guid":{"rendered":"http:\/\/www.biblia.work\/noticias\/fatima-acogera-500-mil-peregrinos-en-visita-del-papa-por-100-anos-de-apariciones\/"},"modified":"2017-03-09T20:05:02","modified_gmt":"2017-03-10T01:05:02","slug":"fatima-acogera-500-mil-peregrinos-en-visita-del-papa-por-100-anos-de-apariciones","status":"publish","type":"post","link":"https:\/\/www.biblia.work\/noticias\/fatima-acogera-500-mil-peregrinos-en-visita-del-papa-por-100-anos-de-apariciones\/","title":{"rendered":"F\u00e1tima acoger\u00e1 500 mil peregrinos en visita del Papa por 100 a\u00f1os de apariciones"},"content":{"rendered":"<p> F\u00c1TIMA, 09 Mar. 17 (ACI).-<br \/>\n\tLos organizadores de la visita del Papa Francisco a F&aacute;tima en Portugal, por los 100 a&ntilde;os de las apariciones de la Virgen Mar&iacute;a, han anunciado los &uacute;ltimos avances en los preparativos e indicaron que esperan recibir durante esos d&iacute;as a unos 500 mil peregrinos.<\/p>\n<p style=\"text-align: justify\">\n\tEn el V Workshop Internacional de Turismo Religioso que se realiza en Portugal, el rector del Santuario de F&aacute;tima, P. Carlos Cabecinhas, indic&oacute; que tienen la expectativa de que el 13 de mayo &ldquo;sean muchos los que acudan a F&aacute;tima para ver, saludar y escuchar al Papa y rezar con &eacute;l. No dudamos que muchos de los peregrinos que vendr&aacute;n ser&aacute;n del extranjero&rdquo;.<\/p>\n<p style=\"text-align: justify\">\n\t&ldquo;Esperamos que de las muchas y grandes peregrinaciones jubilares del 2017, la mayor ser&aacute; sin duda la del 12 y el 13 de mayo con la presencia del Papa Francisco&rdquo;, manifest&oacute; el sacerdote.<\/p>\n<p style=\"text-align: justify\">\n\tEl tambi&eacute;n coordinador de la visita del Papa a F&aacute;tima revel&oacute; que la agenda oficial del viaje ser&aacute; publicada en &ldquo;dos meses&rdquo;, antes del viaje porque quieren mantener &ldquo;el programa de las grandes peregrinaciones al Santuario&rdquo;.<\/p>\n<p style=\"text-align: justify\">\n\tA&ntilde;adi&oacute; que el Santo Padre ir&aacute; &ldquo;como peregrino para rezar con los peregrinos presentes en F&aacute;tima y con los que lo acompa&ntilde;ar&aacute;n a trav&eacute;s de los medios de comunicaci&oacute;n social&rdquo;.<\/p>\n<p style=\"text-align: justify\">\n\tPor su parte, el capit&aacute;n de la Guardia Nacional Republicana de Portugal, Carlos Canat&aacute;rio, &nbsp;afirm&oacute; que la preocupaci&oacute;n fundamental para la visita del Pont&iacute;fice ser&aacute; la seguridad.<\/p>\n<p style=\"text-align: justify\">\n\tAsimismo, el comandante Mario Silvestre dijo que desde el 5 de mayo comenzar&aacute; a aplicarse el plan de operaciones que se ha preparado.<\/p>\n<p style=\"text-align: justify\">\n\tEl Papa Francisco ser&aacute; el cuarto Pont&iacute;fice en visitar F&aacute;tima. El primero fue Pablo VI en 1967, le sigui&oacute; Juan Pablo II, que estuvo en 1982, 1991 y 2000; y el &uacute;ltimo fue Benedicto XVI en el 2010.<\/p>\n<p style=\"text-align: justify\">\n\tEl P. Cabecinhas adelant&oacute; que se implementar&aacute;n v&iacute;as alternativas para que los fieles accedan a F&aacute;tima y al Santuario. Tambi&eacute;n habr&aacute;n estacionamientos en los parques cercanos a la Cova da Ir&iacute;a a los que solo podr&aacute;n ingresar veh&iacute;culos debidamente acreditados.<\/p>\n<p style=\"text-align: justify\">\n\tTambi&eacute;n te puede interesar:<\/p>\n<p style=\"text-align: justify\">\n\t\tAs&iacute; puedes obtener indulgencia plenaria por 100 a&ntilde;os de Virgen de F&aacute;tima https:\/\/t.co\/g7K2E48ZWs<\/p>\n<p>\t&mdash; ACI Prensa (@aciprensa) 29 de noviembre de 2016<\/p>\n","protected":false},"excerpt":{"rendered":"<p>F\u00c1TIMA, 09 Mar. 17 (ACI).- Los organizadores de la visita del Papa Francisco a F&aacute;tima en Portugal, por los 100 a&ntilde;os de las apariciones de la Virgen Mar&iacute;a, han anunciado los &uacute;ltimos avances en los preparativos e indicaron que esperan recibir durante esos d&iacute;as a unos 500 mil peregrinos. En el V Workshop Internacional de &hellip; <a href=\"https:\/\/www.biblia.work\/noticias\/fatima-acogera-500-mil-peregrinos-en-visita-del-papa-por-100-anos-de-apariciones\/\" class=\"more-link\">Continuar leyendo<span class=\"screen-reader-text\"> \u00abF\u00e1tima acoger\u00e1 500 mil peregrinos en visita del Papa por 100 a\u00f1os de apariciones\u00bb<\/span><\/a><\/p>\n","protected":false},"author":1,"featured_media":0,"comment_status":"open","ping_status":"closed","sticky":false,"template":"","format":"standard","meta":{"footnotes":""},"categories":[1],"tags":[],"class_list":["post-12595","post","type-post","status-publish","format-standard","hentry","category-general"],"_links":{"self":[{"href":"https:\/\/www.biblia.work\/noticias\/wp-json\/wp\/v2\/posts\/12595","targetHints":{"allow":["GET"]}}],"collection":[{"href":"https:\/\/www.biblia.work\/noticias\/wp-json\/wp\/v2\/posts"}],"about":[{"href":"https:\/\/www.biblia.work\/noticias\/wp-json\/wp\/v2\/types\/post"}],"author":[{"embeddable":true,"href":"https:\/\/www.biblia.work\/noticias\/wp-json\/wp\/v2\/users\/1"}],"replies":[{"embeddable":true,"href":"https:\/\/www.biblia.work\/noticias\/wp-json\/wp\/v2\/comments?post=12595"}],"version-history":[{"count":0,"href":"https:\/\/www.biblia.work\/noticias\/wp-json\/wp\/v2\/posts\/12595\/revisions"}],"wp:attachment":[{"href":"https:\/\/www.biblia.work\/noticias\/wp-json\/wp\/v2\/media?parent=12595"}],"wp:term":[{"taxonomy":"category","embeddable":true,"href":"https:\/\/www.biblia.work\/noticias\/wp-json\/wp\/v2\/categories?post=12595"},{"taxonomy":"post_tag","embeddable":true,"href":"https:\/\/www.biblia.work\/noticias\/wp-json\/wp\/v2\/tags?post=12595"}],"curies":[{"name":"wp","href":"https:\/\/api.w.org\/{rel}","templated":true}]}}