{"id":12598,"date":"2017-03-09T23:05:02","date_gmt":"2017-03-10T04:05:02","guid":{"rendered":"http:\/\/www.biblia.work\/noticias\/500-organizaciones-celebraran-el-dia-internacional-de-la-vida-en-espana\/"},"modified":"2017-03-09T23:05:02","modified_gmt":"2017-03-10T04:05:02","slug":"500-organizaciones-celebraran-el-dia-internacional-de-la-vida-en-espana","status":"publish","type":"post","link":"https:\/\/www.biblia.work\/noticias\/500-organizaciones-celebraran-el-dia-internacional-de-la-vida-en-espana\/","title":{"rendered":"500 organizaciones celebrar\u00e1n el D\u00eda Internacional de la vida en Espa\u00f1a"},"content":{"rendered":"<p> MADRID, 09 Mar. 17 (ACI).-<br \/>\n\tEste 26 de marzo en Espa&ntilde;a m&aacute;s de 500 asociaciones provida celebrar&aacute;n el D&iacute;a Internacional de la Vida para manifestar que &ldquo;somos muchos los que defendemos el respeto a la vida y la dignidad de todo ser humano desde la concepci&oacute;n hasta la muerte natural&quot;.<\/p>\n<p style=\"text-align: justify\">\n\tLas 500 asociaciones forman la plataforma S&iacute; a la Vida y anunciaron en conferencia de prensa que la celebraci&oacute;n en la Plaza Felipe II de Madrid comenzar&aacute; al mediod&iacute;a. El programa incluye testimonios de familias y madres, discurso de destacados defensores de la vida internacionales, un concierto y proyecci&oacute;n de videos.<\/p>\n<p style=\"text-align: justify\">\n\tTambi&eacute;n se lanzar&aacute;n al cielo tres mil globos con mensajes a favor de la vida que los asistentes podr&aacute;n escribir durante el evento.<\/p>\n<p style=\"text-align: justify\">\n\tAl final se leer&aacute; un manifiesto que expresar&aacute; el sentir y las demandas de las 500 asociaciones.<\/p>\n<p style=\"text-align: justify\">\n\tEn enero de este a&ntilde;o el Instituto de Pol&iacute;tica Familiar public&oacute; un informe donde se&ntilde;al&oacute; que durante el a&ntilde;o 2015 se registraron 94.188 abortos. Esto significa que &ldquo;se produce un aborto cada 5,5 minutos&rdquo; y un total de 258 abortos por hora en Espa&ntilde;a.<\/p>\n<p style=\"text-align: justify\">\n\tEl informe tambi&eacute;n subraya que desde la legalizaci&oacute;n del aborto en Espa&ntilde;a en 1985, se han superado los 2.100.000 abortos acumulados y en los &uacute;ltimos 10 a&ntilde;os se han alcanzado los 1,1 millones de abortos.<\/p>\n<p style=\"text-align: justify\">\n\tLa instituci&oacute;n afirm&oacute; que el aborto en Espa&ntilde;a ha &ldquo;aumentado de tal manera que actualmente se han convertido, junto a las enfermedades cardiovasculares y el c&aacute;ncer, en la primera causa de mortalidad&rdquo;.<\/p>\n<p style=\"text-align: justify\">\n\tLa vocera de la Plataforma S&iacute; a la Vida y Presidenta de la Federaci&oacute;n Espa&ntilde;ola de Asociaciones Provida, Alicia Latorre, indic&oacute; que el evento del 26 de marzo &ldquo;ser&aacute; una concentraci&oacute;n para celebrar el primero de los derechos humanos, que es el derecho a la vida&rdquo;.<\/p>\n<p style=\"text-align: justify\">\n\t&ldquo;Las asociaciones que defendemos la vida nos concentraremos fieles al compromiso que adquirimos hace seis a&ntilde;os, en 2011, para celebrar el D&iacute;a Internacional de la Vida. El pr&oacute;ximo 26 de marzo renovaremos fuerzas para seguir luchando por la vida desde su inicio a su fin natural&rdquo;, afirm&oacute;.<\/p>\n<p style=\"text-align: justify\">\n\tPor su parte, la Directora de la Fundaci&oacute;n REDMADRE, Amaya Azcona, expres&oacute; que &ldquo;es una fiesta cada vez que una mujer embarazada vulnerable consigue superar las dificultades y afrontar el futuro con su hijo en brazos&rdquo;.<\/p>\n<p style=\"text-align: justify\">\n\t&ldquo;Las asociaciones que formamos la Plataforma S&iacute; a la Vida animamos a los espa&ntilde;oles a participar en esa jornada festiva para manifestar que somos muchos los que defendemos el respeto a la vida y la dignidad de todo ser humano desde la concepci&oacute;n hasta la muerte natural&quot;, manifest&oacute; el Presidente del Foro Espa&ntilde;ol de la Familia, Mariano Calabuig.<\/p>\n<p style=\"text-align: justify\">\n\tPor otro lado, Latorre indic&oacute; que las personas que deseen colaborar con los gastos del evento pueden hacer &ldquo;sus donativos en el n&uacute;mero de cuenta ES26 2100 5525 0122 0010 2365, indicando que es en concepto: S&iacute; a la Vida&rdquo;.<\/p>\n<p style=\"text-align: justify\">\n\tEntre las organizaciones participantes del D&iacute;a de la Vida est&aacute;n ABIMAD, ACdP, ADEVIDA, AEDOS, AESVIDA, Asociaci&oacute;n de Bio&eacute;tica de Madrid, Asociaci&oacute;n Espa&ntilde;ola de Farmacia social, Asociaci&oacute;n Europea de Abogados de Familia, Casa Cuna Santa Isabel, Centro Jur&iacute;dico Tom&aacute;s Moro, CIDEVIDA, CIVICA, COFAPA, CONCAPA, e-cristians, El Encinar de Mambr&eacute;, Evangelium Vitae, Familia y Dignidad Humana, Familias para la acogida, FAPACE, Federaci&oacute;n Espa&ntilde;ola de Asociaciones Provida, Foro de la Familia, Fundaci&oacute;n Educatio Servanda, Fundaci&oacute; J&eacute;rome Lejeune, Fundaci&oacute;n REDMADRE, Fundaci&oacute;n Madrina, Fundaci&oacute;n Vida, Fundaci&oacute;n +Vida, HO- Derecho a Vivir, Hogares de Santa Mar&iacute;a, Lands Care, One of Us, M&aacute;s Futuro, Profesionales por la &Eacute;tica, RENAFER, &nbsp;Rescatadores Juan Pablo II, SOS Familia, Spei Mater, Fundaci&oacute;n Valores y Sociedad, Voz Postaborto.<\/p>\n<p style=\"text-align: justify\">\n\tEl D&iacute;a Internacional de la Vida se constituy&oacute; en el a&ntilde;o 2003 en el marco del Primer Congreso Internacional Provida celebrado en Madrid.<\/p>\n<p style=\"text-align: justify\">\n\tEn esa ocasi&oacute;n m&aacute;s de 20.000 asociaciones provenientes de m&aacute;s de 20 pa&iacute;ses de Europa y Am&eacute;rica acordaron declarar el 25 de marzo como el D&iacute;a Internacional de la Vida.<\/p>\n<p style=\"text-align: justify\">\n\tTambi&eacute;n te puede interesar:<\/p>\n<p style=\"text-align: justify\">\n\t\tObispo advierte: La sociedad llorar&aacute; por los hijos que mat&oacute; con el aborto https:\/\/t.co\/hfyPCo5f0t<\/p>\n<p>\t&mdash; ACI Prensa (@aciprensa) 6 de enero de 2017<\/p>\n","protected":false},"excerpt":{"rendered":"<p>MADRID, 09 Mar. 17 (ACI).- Este 26 de marzo en Espa&ntilde;a m&aacute;s de 500 asociaciones provida celebrar&aacute;n el D&iacute;a Internacional de la Vida para manifestar que &ldquo;somos muchos los que defendemos el respeto a la vida y la dignidad de todo ser humano desde la concepci&oacute;n hasta la muerte natural&quot;. Las 500 asociaciones forman la &hellip; <a href=\"https:\/\/www.biblia.work\/noticias\/500-organizaciones-celebraran-el-dia-internacional-de-la-vida-en-espana\/\" class=\"more-link\">Continuar leyendo<span class=\"screen-reader-text\"> \u00ab500 organizaciones celebrar\u00e1n el D\u00eda Internacional de la vida en Espa\u00f1a\u00bb<\/span><\/a><\/p>\n","protected":false},"author":1,"featured_media":0,"comment_status":"open","ping_status":"closed","sticky":false,"template":"","format":"standard","meta":{"footnotes":""},"categories":[1],"tags":[],"class_list":["post-12598","post","type-post","status-publish","format-standard","hentry","category-general"],"_links":{"self":[{"href":"https:\/\/www.biblia.work\/noticias\/wp-json\/wp\/v2\/posts\/12598","targetHints":{"allow":["GET"]}}],"collection":[{"href":"https:\/\/www.biblia.work\/noticias\/wp-json\/wp\/v2\/posts"}],"about":[{"href":"https:\/\/www.biblia.work\/noticias\/wp-json\/wp\/v2\/types\/post"}],"author":[{"embeddable":true,"href":"https:\/\/www.biblia.work\/noticias\/wp-json\/wp\/v2\/users\/1"}],"replies":[{"embeddable":true,"href":"https:\/\/www.biblia.work\/noticias\/wp-json\/wp\/v2\/comments?post=12598"}],"version-history":[{"count":0,"href":"https:\/\/www.biblia.work\/noticias\/wp-json\/wp\/v2\/posts\/12598\/revisions"}],"wp:attachment":[{"href":"https:\/\/www.biblia.work\/noticias\/wp-json\/wp\/v2\/media?parent=12598"}],"wp:term":[{"taxonomy":"category","embeddable":true,"href":"https:\/\/www.biblia.work\/noticias\/wp-json\/wp\/v2\/categories?post=12598"},{"taxonomy":"post_tag","embeddable":true,"href":"https:\/\/www.biblia.work\/noticias\/wp-json\/wp\/v2\/tags?post=12598"}],"curies":[{"name":"wp","href":"https:\/\/api.w.org\/{rel}","templated":true}]}}