{"id":12600,"date":"2017-03-10T07:15:02","date_gmt":"2017-03-10T12:15:02","guid":{"rendered":"http:\/\/www.biblia.work\/noticias\/el-papa-concluye-los-ejercicios-espirituales-y-regresa-al-vaticano\/"},"modified":"2017-03-10T07:15:02","modified_gmt":"2017-03-10T12:15:02","slug":"el-papa-concluye-los-ejercicios-espirituales-y-regresa-al-vaticano","status":"publish","type":"post","link":"https:\/\/www.biblia.work\/noticias\/el-papa-concluye-los-ejercicios-espirituales-y-regresa-al-vaticano\/","title":{"rendered":"El Papa concluye los ejercicios espirituales y regresa al Vaticano"},"content":{"rendered":"<p style=\"text-align: justify\">(ZENIT- Ciudad del Vaticano).- El santo padre Francisco concluy\u00f3 este viernes por la ma\u00f1ana, despu\u00e9s de la misa y la \u00faltima meditaci\u00f3n, su retiro de cinco d\u00edas, regresando hacia Roma en el autob\u00fas con el cual el domingo por la tarde hab\u00eda llegado a la casa Divin Maestro, en Ariccia.<\/p>\n<p style=\"text-align: justify\">El papa puso como intenci\u00f3n principal en la misa matutina, por la poblaci\u00f3n de Siria, y dispuso tambi\u00e9n sea enviada una donaci\u00f3n de cien mil euros para los habitantes de la ciudad de Alepo, la cual ser\u00e1 realizada a trav\u00e9s de la Limosner\u00eda apost\u00f3lica y la Custodia de Tierra Santa.<\/p>\n<p style=\"text-align: justify\">Como un pasajero m\u00e1s, dej\u00f3 as\u00ed la estructura gestionada por los Paulinos, situada a unos 30 kil\u00f3metros de Roma.<\/p>\n<p style=\"text-align: justify\">El Papa que estaba en la segunda fila del primero de los dos veh\u00edculos, al salir vio a un grupo de fieles reunidos que lo saludaron con aplausos y vivas. El veh\u00edculo acompa\u00f1ado por motos y veh\u00edculos de las fuerzas del orden lleg\u00f3 al Vaticano hacia las 11 de la ma\u00f1ana.<\/p>\n<p style=\"text-align: justify\">Este a\u00f1o los ejercicios espirituales fueron realizados por el sacerdote franciscano Giulio Michelini, y tuvieron como hilo conductor la Pasi\u00f3n seg\u00fan San Mateo.<\/p>\n<p style=\"text-align: justify\">Por la tarde el Pont\u00edfice va al Vicariato de Roma, donde tendr\u00e1 un encuentro con los p\u00e1rrocos prefectos de su di\u00f3cesis. &#8220;Una reuni\u00f3n absolutamente privada que entra en la normal praxis de la vida de la Iglesia&#8221;, asegur\u00f3 la vicedirectora de la Oficina de prensa, Paloma Garc\u00eda Ovejero.<\/p>\n<p><span class=\"et_bloom_bottom_trigger\"><\/span><\/p>\n<p><a href=\"https:\/\/es.zenit.org\/\" target=\"_blank\" rel=\"nofollow\">Fuente: es.zenit.org<\/a><\/p>\n","protected":false},"excerpt":{"rendered":"<p>(ZENIT- Ciudad del Vaticano).- El santo padre Francisco concluy\u00f3 este viernes por la ma\u00f1ana, despu\u00e9s de la misa y la \u00faltima meditaci\u00f3n, su retiro de cinco d\u00edas, regresando hacia Roma en el autob\u00fas con el cual el domingo por la tarde hab\u00eda llegado a la casa Divin Maestro, en Ariccia. El papa puso como intenci\u00f3n &hellip; <a href=\"https:\/\/www.biblia.work\/noticias\/el-papa-concluye-los-ejercicios-espirituales-y-regresa-al-vaticano\/\" class=\"more-link\">Continuar leyendo<span class=\"screen-reader-text\"> \u00abEl Papa concluye los ejercicios espirituales y regresa al Vaticano\u00bb<\/span><\/a><\/p>\n","protected":false},"author":1,"featured_media":0,"comment_status":"open","ping_status":"closed","sticky":false,"template":"","format":"standard","meta":{"footnotes":""},"categories":[1],"tags":[],"class_list":["post-12600","post","type-post","status-publish","format-standard","hentry","category-general"],"_links":{"self":[{"href":"https:\/\/www.biblia.work\/noticias\/wp-json\/wp\/v2\/posts\/12600","targetHints":{"allow":["GET"]}}],"collection":[{"href":"https:\/\/www.biblia.work\/noticias\/wp-json\/wp\/v2\/posts"}],"about":[{"href":"https:\/\/www.biblia.work\/noticias\/wp-json\/wp\/v2\/types\/post"}],"author":[{"embeddable":true,"href":"https:\/\/www.biblia.work\/noticias\/wp-json\/wp\/v2\/users\/1"}],"replies":[{"embeddable":true,"href":"https:\/\/www.biblia.work\/noticias\/wp-json\/wp\/v2\/comments?post=12600"}],"version-history":[{"count":0,"href":"https:\/\/www.biblia.work\/noticias\/wp-json\/wp\/v2\/posts\/12600\/revisions"}],"wp:attachment":[{"href":"https:\/\/www.biblia.work\/noticias\/wp-json\/wp\/v2\/media?parent=12600"}],"wp:term":[{"taxonomy":"category","embeddable":true,"href":"https:\/\/www.biblia.work\/noticias\/wp-json\/wp\/v2\/categories?post=12600"},{"taxonomy":"post_tag","embeddable":true,"href":"https:\/\/www.biblia.work\/noticias\/wp-json\/wp\/v2\/tags?post=12600"}],"curies":[{"name":"wp","href":"https:\/\/api.w.org\/{rel}","templated":true}]}}