{"id":12606,"date":"2017-03-10T10:40:04","date_gmt":"2017-03-10T15:40:04","guid":{"rendered":"http:\/\/www.biblia.work\/noticias\/francisco-hombre-practico-para-quien-jesus-esta-en-el-centro\/"},"modified":"2017-03-10T10:40:04","modified_gmt":"2017-03-10T15:40:04","slug":"francisco-hombre-practico-para-quien-jesus-esta-en-el-centro","status":"publish","type":"post","link":"https:\/\/www.biblia.work\/noticias\/francisco-hombre-practico-para-quien-jesus-esta-en-el-centro\/","title":{"rendered":"Francisco: hombre pr\u00e1ctico, para quien Jes\u00fas est\u00e1 en el centro"},"content":{"rendered":"<p> <img src='http:\/\/media02.radiovaticana.va\/photo\/2013\/02\/18\/OTHER1192367_Thumbnail.jpg' alt='' align='left' hspace='5'> <\/p>\n<p><span><br \/>\n<audio class=\"video-js vjs-default-skin vjs-big-play-button-centered rv-custom-audio\" controls=\"\" id=\"audioItem_9842185\" preload=\"none\"><\/audio><br \/>\n<span class=\"rv-audio-download\"><a href=\"http:\/\/media02.radiovaticana.va\/audio\/audio2\/mp3\/00573198.mp3\" title=\"Download audio\"><img decoding=\"async\" src=\"http:\/\/es.radiovaticana.va\/Modules\/Presentation\/Styles\/images-common\/icons\/download-audio-mp3_off.png\" style=\"height: 30px\" \/><\/a><\/span> <\/span><\/p>\n<p>(RV).- En la capilla dedicada a la Madre del Redentor, en el Palacio Apost&oacute;lico, el Predicador de la Casa Pontificia, P. Rainiero Cantalamessa, pronunci&oacute; la Primera predicaci&oacute;n de la Cuaresma 2017, sobre el tema: <strong>&laquo;El Esp&iacute;ritu Santo nos introduce en el misterio del Se&ntilde;or&iacute;o de Cristo&raquo;<\/strong>.<\/p>\n<p>&laquo;&Eacute;l dar&aacute; testimonio de m&iacute;&raquo;, fue el primero de los cuatro puntos, sobre los que reflexion&oacute; el P. Cantalamessa. Desarrollando su densa meditaci&oacute;n, prosigui&oacute;, en el segundo punto, sobre &laquo;Conocimiento objetivo y subjetivo de Cristo&raquo; y sobre &laquo;El sublime conocimiento de Cristo&raquo;, en el tercero. Para luego culminar con el cuarto: &laquo;Del Jes&uacute;s &lsquo;personaje&rsquo; al Jes&uacute;s &lsquo;persona&rsquo;&raquo;.<\/p>\n<p>El <strong>&laquo;redescubrimiento luminoso de Jes&uacute;s como Se&ntilde;or&raquo;<\/strong> es <strong>&laquo;la<\/strong> <strong>novedad y gracia que Dios est&aacute; concediendo, en nuestros tiempos a su Iglesia&raquo;<\/strong>, destac&oacute; el Predicador de la Casa Pontificia, que sell&oacute; su primera predicaci&oacute;n cuaresmal con la invitaci&oacute;n del Papa Francisco en su Exhortaci&oacute;n Apost&oacute;lica Evangelii gaudium:<\/p>\n<p>&laquo;Invito a cada cristiano, en cualquier lugar y situaci&oacute;n en que se encuentre, a renovar ahora mismo su encuentro personal con Jesucristo o, al menos, a tomar la decisi&oacute;n de dejarse encontrar por &Eacute;l, de intentarlo cada d&iacute;a sin descanso. No hay raz&oacute;n para que alguien piense que esta invitaci&oacute;n no es para &eacute;l&raquo; (n.3)<\/p>\n<p>(CdM &ndash; RV)<\/p>\n<p><a href=\"http:\/\/es.radiovaticana.va\" target=\"_blank\" rel=\"nofollow\">Fuente: es.radiovaticana.va<\/a><\/p>\n","protected":false},"excerpt":{"rendered":"<p>(RV).- En la capilla dedicada a la Madre del Redentor, en el Palacio Apost&oacute;lico, el Predicador de la Casa Pontificia, P. Rainiero Cantalamessa, pronunci&oacute; la Primera predicaci&oacute;n de la Cuaresma 2017, sobre el tema: &laquo;El Esp&iacute;ritu Santo nos introduce en el misterio del Se&ntilde;or&iacute;o de Cristo&raquo;. &laquo;&Eacute;l dar&aacute; testimonio de m&iacute;&raquo;, fue el primero de &hellip; <a href=\"https:\/\/www.biblia.work\/noticias\/francisco-hombre-practico-para-quien-jesus-esta-en-el-centro\/\" class=\"more-link\">Continuar leyendo<span class=\"screen-reader-text\"> \u00abFrancisco: hombre pr\u00e1ctico, para quien Jes\u00fas est\u00e1 en el centro\u00bb<\/span><\/a><\/p>\n","protected":false},"author":1,"featured_media":0,"comment_status":"open","ping_status":"closed","sticky":false,"template":"","format":"standard","meta":{"footnotes":""},"categories":[1],"tags":[],"class_list":["post-12606","post","type-post","status-publish","format-standard","hentry","category-general"],"_links":{"self":[{"href":"https:\/\/www.biblia.work\/noticias\/wp-json\/wp\/v2\/posts\/12606","targetHints":{"allow":["GET"]}}],"collection":[{"href":"https:\/\/www.biblia.work\/noticias\/wp-json\/wp\/v2\/posts"}],"about":[{"href":"https:\/\/www.biblia.work\/noticias\/wp-json\/wp\/v2\/types\/post"}],"author":[{"embeddable":true,"href":"https:\/\/www.biblia.work\/noticias\/wp-json\/wp\/v2\/users\/1"}],"replies":[{"embeddable":true,"href":"https:\/\/www.biblia.work\/noticias\/wp-json\/wp\/v2\/comments?post=12606"}],"version-history":[{"count":0,"href":"https:\/\/www.biblia.work\/noticias\/wp-json\/wp\/v2\/posts\/12606\/revisions"}],"wp:attachment":[{"href":"https:\/\/www.biblia.work\/noticias\/wp-json\/wp\/v2\/media?parent=12606"}],"wp:term":[{"taxonomy":"category","embeddable":true,"href":"https:\/\/www.biblia.work\/noticias\/wp-json\/wp\/v2\/categories?post=12606"},{"taxonomy":"post_tag","embeddable":true,"href":"https:\/\/www.biblia.work\/noticias\/wp-json\/wp\/v2\/tags?post=12606"}],"curies":[{"name":"wp","href":"https:\/\/api.w.org\/{rel}","templated":true}]}}