{"id":12610,"date":"2017-03-10T11:15:02","date_gmt":"2017-03-10T16:15:02","guid":{"rendered":"http:\/\/www.biblia.work\/noticias\/el-vaticano-confirma-el-papa-viaja-a-colombia-del-6-al-11-de-septiembre-de-2017\/"},"modified":"2017-03-10T11:15:02","modified_gmt":"2017-03-10T16:15:02","slug":"el-vaticano-confirma-el-papa-viaja-a-colombia-del-6-al-11-de-septiembre-de-2017","status":"publish","type":"post","link":"https:\/\/www.biblia.work\/noticias\/el-vaticano-confirma-el-papa-viaja-a-colombia-del-6-al-11-de-septiembre-de-2017\/","title":{"rendered":"El Vaticano confirma: el Papa viaja a Colombia del 6 al 11 de septiembre de 2017"},"content":{"rendered":"<p style=\"text-align: justify\">(ZENIT &#8211; Roma).- La Santa Sede confirm\u00f3 hoy viernes que el papa Francisco viajar\u00e1 a Colombia este a\u00f1o, en el mes de setiembre, noticia que circulaba en medios no oficiales.<\/p>\n<p style=\"text-align: justify\">&#8220;Acogiendo la invitaci\u00f3n del Presidente de la Rep\u00fablica y de los Obispos colombianos, Su Santidad el Papa Francisco efectuar\u00e1 un viaje apost\u00f3lico a Colombia del 6 al 11 de septiembre de 2017&#8221;, indic\u00f3 la vicedirectora de la Oficina de prensa de la Santa Sede, Paloma Garc\u00eda Ovejero, precisando que visitar\u00e1 &#8220;las ciudades de Bogot\u00e1, Villavicencio, Medell\u00edn y Cartagena&#8221;.<\/p>\n<p style=\"text-align: justify\">Indic\u00f3 tambi\u00e9n que el programa &#8220;se publicar\u00e1 pr\u00f3ximamente&#8221;.<\/p>\n<p><span class=\"et_bloom_bottom_trigger\"><\/span><\/p>\n<p><a href=\"https:\/\/es.zenit.org\/\" target=\"_blank\" rel=\"nofollow\">Fuente: es.zenit.org<\/a><\/p>\n","protected":false},"excerpt":{"rendered":"<p>(ZENIT &#8211; Roma).- La Santa Sede confirm\u00f3 hoy viernes que el papa Francisco viajar\u00e1 a Colombia este a\u00f1o, en el mes de setiembre, noticia que circulaba en medios no oficiales. &#8220;Acogiendo la invitaci\u00f3n del Presidente de la Rep\u00fablica y de los Obispos colombianos, Su Santidad el Papa Francisco efectuar\u00e1 un viaje apost\u00f3lico a Colombia del &hellip; <a href=\"https:\/\/www.biblia.work\/noticias\/el-vaticano-confirma-el-papa-viaja-a-colombia-del-6-al-11-de-septiembre-de-2017\/\" class=\"more-link\">Continuar leyendo<span class=\"screen-reader-text\"> \u00abEl Vaticano confirma: el Papa viaja a Colombia del 6 al 11 de septiembre de 2017\u00bb<\/span><\/a><\/p>\n","protected":false},"author":1,"featured_media":0,"comment_status":"open","ping_status":"closed","sticky":false,"template":"","format":"standard","meta":{"footnotes":""},"categories":[1],"tags":[],"class_list":["post-12610","post","type-post","status-publish","format-standard","hentry","category-general"],"_links":{"self":[{"href":"https:\/\/www.biblia.work\/noticias\/wp-json\/wp\/v2\/posts\/12610","targetHints":{"allow":["GET"]}}],"collection":[{"href":"https:\/\/www.biblia.work\/noticias\/wp-json\/wp\/v2\/posts"}],"about":[{"href":"https:\/\/www.biblia.work\/noticias\/wp-json\/wp\/v2\/types\/post"}],"author":[{"embeddable":true,"href":"https:\/\/www.biblia.work\/noticias\/wp-json\/wp\/v2\/users\/1"}],"replies":[{"embeddable":true,"href":"https:\/\/www.biblia.work\/noticias\/wp-json\/wp\/v2\/comments?post=12610"}],"version-history":[{"count":0,"href":"https:\/\/www.biblia.work\/noticias\/wp-json\/wp\/v2\/posts\/12610\/revisions"}],"wp:attachment":[{"href":"https:\/\/www.biblia.work\/noticias\/wp-json\/wp\/v2\/media?parent=12610"}],"wp:term":[{"taxonomy":"category","embeddable":true,"href":"https:\/\/www.biblia.work\/noticias\/wp-json\/wp\/v2\/categories?post=12610"},{"taxonomy":"post_tag","embeddable":true,"href":"https:\/\/www.biblia.work\/noticias\/wp-json\/wp\/v2\/tags?post=12610"}],"curies":[{"name":"wp","href":"https:\/\/api.w.org\/{rel}","templated":true}]}}